{"id":115910,"date":"2023-03-14T17:49:59","date_gmt":"2023-03-14T20:49:59","guid":{"rendered":"https:\/\/eldiariodesanpedro.com.ar\/sitio\/?p=115910"},"modified":"2023-03-14T17:50:01","modified_gmt":"2023-03-14T20:50:01","slug":"la-inflacion-de-febrero-fue-de-66","status":"publish","type":"post","link":"https:\/\/eldiariodesanpedro.com.ar\/sitio\/la-inflacion-de-febrero-fue-de-66\/","title":{"rendered":"La inflaci\u00f3n de febrero fue de 6,6%"},"content":{"rendered":"<!-- VideographyWP Plugin Message: Automatic video embedding prevented by plugin options. -->\n\n<p>El INDEC inform\u00f3 que la inflaci\u00f3n de febrero fue del 6,6% y acumul\u00f3 102,5% en los \u00faltimos doce meses.<\/p>\n\n\n\n<p>El Instituto Nacional de Estad\u00edsticas y Censos (<strong>INDEC<\/strong>) inform\u00f3 este martes la&nbsp;<strong>inflaci\u00f3n&nbsp;<\/strong>del mes de&nbsp;<strong>febrero<\/strong>, cuando alcanz\u00f3 102,%% en relaci\u00f3n a igual mes del a\u00f1o pasado y subi\u00f3 6,6% sobre enero.<\/p>\n\n\n\n<p>De este modo, el primer bimestre del a\u00f1o acumul\u00f3 un alza de precios de 13,1%, y aleja la planificaci\u00f3n del\u00a0<strong>Gobierno nacional<\/strong>\u00a0estimada en el Presupuesto nacional de 60% para todo el 2023.<\/p>\n\n\n\n<p>Se trata de una nueva suba de los precios por encima del 6% registrada en enero, y un punto y medio porcentual m\u00e1s arriba del 5,1% de diciembre.<\/p>\n\n\n\n<p>La divisi\u00f3n de mayor aumento en el mes fue&nbsp;<strong>Alimentos y bebidas no alcoh\u00f3licas<\/strong>&nbsp;(9,8%), y tuvo un mayor impacto en la regi\u00f3n del&nbsp;<strong>Gran Buenos Aires<\/strong>, donde registr\u00f3 10,2%.<\/p>\n\n\n\n<p><strong>Solo en los dos primeros meses del a\u00f1o, en la Ciudad de Buenos Aires y el Conurbano bonaerense el precio de los alimentos creci\u00f3 17,6%<\/strong>.<\/p>\n\n\n\n<p>El incremento de los alimentos, la divisi\u00f3n que m\u00e1s consecuencias tiene sobre los sectores vulnerables, estuvo apalancada por una suba de 21,1% promedio de la carne vacuna en febrero, y por el sector de Leche, productos l\u00e1cteos y huevos.<\/p>\n\n\n\n<p>En el desglose, el INDEC marc\u00f3 un suba del asado de 28,6%, la carne picada com\u00fan 35%, la paleta 33,5%, el cuadril 34,3%, la nalga 32,8%; mientras que otros alimentos de consumo popular tambi\u00e9n registraron aumentos de dos cifras, como el arroz blanco 14,6% y los huevos 13,2%.<\/p>\n\n\n\n<p>Las siguientes divisiones con mayores aumentos fueron&nbsp;<strong>Comunicaci\u00f3n&nbsp;<\/strong>(7,8%), sobre la que incidi\u00f3 el alza de los servicios de telefon\u00eda e internet, y&nbsp;<strong>Restaurantes y hoteles<\/strong>&nbsp;(7,5%), por las subas en Restaurantes y comidas fuera del hogar.<\/p>\n\n\n\n<p>Tambi\u00e9n se destac\u00f3 en el per\u00edodo el aumento de las cuotas de las prepagas, que impact\u00f3 sobre\u00a0<strong>Salud\u00a0<\/strong>(5,3%); cigarrillos, en Bebidas alcoh\u00f3licas y tabaco (5,2%); los combustibles, dentro de\u00a0<strong>Transporte\u00a0<\/strong>(4,9%); y los servicios de electricidad y agua en algunas regiones, en<strong>\u00a0Vivienda, agua, electricidad y otros combustibles<\/strong>\u00a0(4,8%).<\/p>\n\n\n\n<p>Fuente: Infocielo<\/p>\n\n\n\n<p><a href=\"https:\/\/media.infocielo.com\/p\/6e30e80dcada2b23b5e0a8805107b242\/adjuntos\/299\/imagenes\/001\/531\/0001531912\/887x0\/smart\/inflacionjpg.jpg\"><\/a><\/p>\n","protected":false},"excerpt":{"rendered":"<p>El INDEC inform\u00f3 que la inflaci\u00f3n de febrero fue del 6,6% y acumul\u00f3 102,5% en los \u00faltimos doce meses. El Instituto Nacional de Estad\u00edsticas y Censos (INDEC) inform\u00f3 este martes la&nbsp;inflaci\u00f3n&nbsp;del mes de&nbsp;febrero, cuando alcanz\u00f3 102,%% en relaci\u00f3n a igual mes del a\u00f1o pasado y subi\u00f3 6,6% sobre enero. De este modo, el primer bimestre [&hellip;]<\/p>\n","protected":false},"author":4,"featured_media":115911,"comment_status":"closed","ping_status":"closed","sticky":false,"template":"","format":"standard","meta":{"om_disable_all_campaigns":false,"_jetpack_memberships_contains_paid_content":false,"footnotes":""},"categories":[101,2],"tags":[197,696,33,19],"class_list":["post-115910","post","type-post","status-publish","format-standard","has-post-thumbnail","hentry","category-interes-general-locales","category-locales","tag-buenos-aires","tag-interes-general","tag-locales","tag-san-pedro"],"aioseo_notices":[],"gutentor_comment":0,"jetpack_featured_media_url":"https:\/\/eldiariodesanpedro.com.ar\/sitio\/wp-content\/uploads\/2023\/03\/precios-argentina.jpeg","jetpack_shortlink":"https:\/\/wp.me\/p6RhLt-u9w","jetpack_sharing_enabled":true,"_links":{"self":[{"href":"https:\/\/eldiariodesanpedro.com.ar\/sitio\/wp-json\/wp\/v2\/posts\/115910","targetHints":{"allow":["GET"]}}],"collection":[{"href":"https:\/\/eldiariodesanpedro.com.ar\/sitio\/wp-json\/wp\/v2\/posts"}],"about":[{"href":"https:\/\/eldiariodesanpedro.com.ar\/sitio\/wp-json\/wp\/v2\/types\/post"}],"author":[{"embeddable":true,"href":"https:\/\/eldiariodesanpedro.com.ar\/sitio\/wp-json\/wp\/v2\/users\/4"}],"replies":[{"embeddable":true,"href":"https:\/\/eldiariodesanpedro.com.ar\/sitio\/wp-json\/wp\/v2\/comments?post=115910"}],"version-history":[{"count":1,"href":"https:\/\/eldiariodesanpedro.com.ar\/sitio\/wp-json\/wp\/v2\/posts\/115910\/revisions"}],"predecessor-version":[{"id":115912,"href":"https:\/\/eldiariodesanpedro.com.ar\/sitio\/wp-json\/wp\/v2\/posts\/115910\/revisions\/115912"}],"wp:featuredmedia":[{"embeddable":true,"href":"https:\/\/eldiariodesanpedro.com.ar\/sitio\/wp-json\/wp\/v2\/media\/115911"}],"wp:attachment":[{"href":"https:\/\/eldiariodesanpedro.com.ar\/sitio\/wp-json\/wp\/v2\/media?parent=115910"}],"wp:term":[{"taxonomy":"category","embeddable":true,"href":"https:\/\/eldiariodesanpedro.com.ar\/sitio\/wp-json\/wp\/v2\/categories?post=115910"},{"taxonomy":"post_tag","embeddable":true,"href":"https:\/\/eldiariodesanpedro.com.ar\/sitio\/wp-json\/wp\/v2\/tags?post=115910"}],"curies":[{"name":"wp","href":"https:\/\/api.w.org\/{rel}","templated":true}]}}