{"id":115900,"date":"2023-03-14T16:15:42","date_gmt":"2023-03-14T19:15:42","guid":{"rendered":"https:\/\/eldiariodesanpedro.com.ar\/sitio\/?p=115900"},"modified":"2023-03-14T16:15:45","modified_gmt":"2023-03-14T19:15:45","slug":"inicio-este-martes-el-primer-museo-de-fotografia-itinerante-de-argentina","status":"publish","type":"post","link":"https:\/\/eldiariodesanpedro.com.ar\/sitio\/inicio-este-martes-el-primer-museo-de-fotografia-itinerante-de-argentina\/","title":{"rendered":"Inici\u00f3 este martes el primer museo de fotograf\u00eda itinerante de Argentina"},"content":{"rendered":"<!-- VideographyWP Plugin Message: Automatic video embedding prevented by plugin options. -->\n\n<p>En plaza Constituci\u00f3n se desarrolla desde este martes la muestra de fotograf\u00eda presentada por FOLA conjuntamente con la Fundaci\u00f3n Luz y Alfonso Castillo que comienza un recorrido por m\u00e1s de 2000 km visitando m\u00e1s de 15 ciudades durante su primer etapa.<\/p>\n\n\n\n<p>La muestra comenz\u00f3 este martes con la participaci\u00f3n de la Secretaria de Turismo y Cultura, Marcela Cu\u00f1er, la Directora de Cultura, Gabriela Bah\u00eda y los expositores locales A\u00edxa Beliche, Alejandro Benavidez, Alfredo Risso, Cecilia Bethencourt, David Kurlat, Emmanuel Cappelletti, Ismael Ertl, Laura Belen Aranda, Lorena Curra, Nilda Fiorito y Sandra Cortes.<\/p>\n\n\n\n<p>Se podr\u00e1 visitar en Plaza Constituci\u00f3n con entrada libre y gratuita de martes a s\u00e1bados en el horario de 11 a 13 y de 16 a 20; y el domingo de 11 a 13 hs.<\/p>\n\n\n\n<p>Entre los artistas expositores que participan de la muestra se encuentran trabajos de: Arturo Aguiar, Cayetano Arcidiacono, Ananke Asseff, Daniel Barraco, Gianni Bulacio, Carlos Bosch, Lucio Boschi, Alfredo Cardozo, Eduardo Carrera, Mar\u00eda Eugenia Cerutti, Ignacio Colo, Gustavo Di Mario, Gabriel D\u00edaz, Mart\u00edn Estol, Andy Goldstein, Laura Glusman, Alberto Greco, Grupo Escombros, Alberto Haylli, Nicol\u00e1s Janowski, Gonzalo Lauda, Jos\u00e9 La V\u00eda, Nora Lezano, Eduardo Longoni, Francisca L\u00f3pez, Daniel Merle, Guadalupe Miles, Jorge Monaco, Sarah Pabst, Fernando Paillet, Santiago Porter, Roberto Riverti, Alessandra Sanguinetti, Leo Vaca, Tony Valdez, Irina Werning, Dani Yako, Augusto Zanela.<\/p>\n\n\n\n<p>El tr\u00e1iler cuenta con una muestra de fotograf\u00eda y realidad aumentada desarrollada especialmente por los artistas Gian Paolo Minelli y Rafael Parra Toro que trabajaron en conjunto con la curadora Agustina Rinaldi. El proyecto cubre todo el exterior posibilitando la interacci\u00f3n de los transe\u00fantes durante las 24 hs. con solo un lector de c\u00f3digo QR y una cuenta de Instagram, podr\u00e1n experimentar la experiencia por este mundo virtual.<\/p>\n\n\n\n<figure class=\"wp-block-image size-full\"><img decoding=\"async\" width=\"946\" height=\"630\" data-attachment-id=\"115904\" data-permalink=\"https:\/\/eldiariodesanpedro.com.ar\/sitio\/inicio-este-martes-el-primer-museo-de-fotografia-itinerante-de-argentina\/whatsapp-image-2023-03-14-at-12-49-17\/\" data-orig-file=\"https:\/\/eldiariodesanpedro.com.ar\/sitio\/wp-content\/uploads\/2023\/03\/WhatsApp-Image-2023-03-14-at-12.49.17.jpeg\" data-orig-size=\"946,630\" data-comments-opened=\"0\" data-image-meta=\"{&quot;aperture&quot;:&quot;0&quot;,&quot;credit&quot;:&quot;&quot;,&quot;camera&quot;:&quot;&quot;,&quot;caption&quot;:&quot;&quot;,&quot;created_timestamp&quot;:&quot;0&quot;,&quot;copyright&quot;:&quot;&quot;,&quot;focal_length&quot;:&quot;0&quot;,&quot;iso&quot;:&quot;0&quot;,&quot;shutter_speed&quot;:&quot;0&quot;,&quot;title&quot;:&quot;&quot;,&quot;orientation&quot;:&quot;0&quot;}\" data-image-title=\"WhatsApp Image 2023-03-14 at 12.49.17\" data-image-description=\"\" data-image-caption=\"\" data-large-file=\"https:\/\/eldiariodesanpedro.com.ar\/sitio\/wp-content\/uploads\/2023\/03\/WhatsApp-Image-2023-03-14-at-12.49.17.jpeg\" data-src=\"https:\/\/eldiariodesanpedro.com.ar\/sitio\/wp-content\/uploads\/2023\/03\/WhatsApp-Image-2023-03-14-at-12.49.17.jpeg\" alt=\"\" class=\"wp-image-115904 lazyload\" data-srcset=\"https:\/\/eldiariodesanpedro.com.ar\/sitio\/wp-content\/uploads\/2023\/03\/WhatsApp-Image-2023-03-14-at-12.49.17.jpeg 946w, https:\/\/eldiariodesanpedro.com.ar\/sitio\/wp-content\/uploads\/2023\/03\/WhatsApp-Image-2023-03-14-at-12.49.17-300x200.jpeg 300w, https:\/\/eldiariodesanpedro.com.ar\/sitio\/wp-content\/uploads\/2023\/03\/WhatsApp-Image-2023-03-14-at-12.49.17-768x511.jpeg 768w\" data-sizes=\"(max-width: 946px) 100vw, 946px\" src=\"data:image\/svg+xml;base64,PHN2ZyB3aWR0aD0iMSIgaGVpZ2h0PSIxIiB4bWxucz0iaHR0cDovL3d3dy53My5vcmcvMjAwMC9zdmciPjwvc3ZnPg==\" style=\"--smush-placeholder-width: 946px; --smush-placeholder-aspect-ratio: 946\/630;\" \/><\/figure>\n\n\n\n<figure class=\"wp-block-image size-full\"><img decoding=\"async\" width=\"946\" height=\"630\" data-attachment-id=\"115903\" data-permalink=\"https:\/\/eldiariodesanpedro.com.ar\/sitio\/inicio-este-martes-el-primer-museo-de-fotografia-itinerante-de-argentina\/whatsapp-image-2023-03-14-at-12-49-16\/\" data-orig-file=\"https:\/\/eldiariodesanpedro.com.ar\/sitio\/wp-content\/uploads\/2023\/03\/WhatsApp-Image-2023-03-14-at-12.49.16.jpeg\" data-orig-size=\"946,630\" data-comments-opened=\"0\" data-image-meta=\"{&quot;aperture&quot;:&quot;0&quot;,&quot;credit&quot;:&quot;&quot;,&quot;camera&quot;:&quot;&quot;,&quot;caption&quot;:&quot;&quot;,&quot;created_timestamp&quot;:&quot;0&quot;,&quot;copyright&quot;:&quot;&quot;,&quot;focal_length&quot;:&quot;0&quot;,&quot;iso&quot;:&quot;0&quot;,&quot;shutter_speed&quot;:&quot;0&quot;,&quot;title&quot;:&quot;&quot;,&quot;orientation&quot;:&quot;0&quot;}\" data-image-title=\"WhatsApp Image 2023-03-14 at 12.49.16\" data-image-description=\"\" data-image-caption=\"\" data-large-file=\"https:\/\/eldiariodesanpedro.com.ar\/sitio\/wp-content\/uploads\/2023\/03\/WhatsApp-Image-2023-03-14-at-12.49.16.jpeg\" data-src=\"https:\/\/eldiariodesanpedro.com.ar\/sitio\/wp-content\/uploads\/2023\/03\/WhatsApp-Image-2023-03-14-at-12.49.16.jpeg\" alt=\"\" class=\"wp-image-115903 lazyload\" data-srcset=\"https:\/\/eldiariodesanpedro.com.ar\/sitio\/wp-content\/uploads\/2023\/03\/WhatsApp-Image-2023-03-14-at-12.49.16.jpeg 946w, https:\/\/eldiariodesanpedro.com.ar\/sitio\/wp-content\/uploads\/2023\/03\/WhatsApp-Image-2023-03-14-at-12.49.16-300x200.jpeg 300w, https:\/\/eldiariodesanpedro.com.ar\/sitio\/wp-content\/uploads\/2023\/03\/WhatsApp-Image-2023-03-14-at-12.49.16-768x511.jpeg 768w\" data-sizes=\"(max-width: 946px) 100vw, 946px\" src=\"data:image\/svg+xml;base64,PHN2ZyB3aWR0aD0iMSIgaGVpZ2h0PSIxIiB4bWxucz0iaHR0cDovL3d3dy53My5vcmcvMjAwMC9zdmciPjwvc3ZnPg==\" style=\"--smush-placeholder-width: 946px; --smush-placeholder-aspect-ratio: 946\/630;\" \/><\/figure>\n\n\n\n<figure class=\"wp-block-image size-full\"><img decoding=\"async\" width=\"1005\" height=\"566\" data-attachment-id=\"115902\" data-permalink=\"https:\/\/eldiariodesanpedro.com.ar\/sitio\/inicio-este-martes-el-primer-museo-de-fotografia-itinerante-de-argentina\/whatsapp-image-2023-03-14-at-12-49-15\/\" data-orig-file=\"https:\/\/eldiariodesanpedro.com.ar\/sitio\/wp-content\/uploads\/2023\/03\/WhatsApp-Image-2023-03-14-at-12.49.15.jpeg\" data-orig-size=\"1005,566\" data-comments-opened=\"0\" data-image-meta=\"{&quot;aperture&quot;:&quot;0&quot;,&quot;credit&quot;:&quot;&quot;,&quot;camera&quot;:&quot;&quot;,&quot;caption&quot;:&quot;&quot;,&quot;created_timestamp&quot;:&quot;0&quot;,&quot;copyright&quot;:&quot;&quot;,&quot;focal_length&quot;:&quot;0&quot;,&quot;iso&quot;:&quot;0&quot;,&quot;shutter_speed&quot;:&quot;0&quot;,&quot;title&quot;:&quot;&quot;,&quot;orientation&quot;:&quot;0&quot;}\" data-image-title=\"WhatsApp Image 2023-03-14 at 12.49.15\" data-image-description=\"\" data-image-caption=\"\" data-large-file=\"https:\/\/eldiariodesanpedro.com.ar\/sitio\/wp-content\/uploads\/2023\/03\/WhatsApp-Image-2023-03-14-at-12.49.15.jpeg\" data-src=\"https:\/\/eldiariodesanpedro.com.ar\/sitio\/wp-content\/uploads\/2023\/03\/WhatsApp-Image-2023-03-14-at-12.49.15.jpeg\" alt=\"\" class=\"wp-image-115902 lazyload\" data-srcset=\"https:\/\/eldiariodesanpedro.com.ar\/sitio\/wp-content\/uploads\/2023\/03\/WhatsApp-Image-2023-03-14-at-12.49.15.jpeg 1005w, https:\/\/eldiariodesanpedro.com.ar\/sitio\/wp-content\/uploads\/2023\/03\/WhatsApp-Image-2023-03-14-at-12.49.15-300x169.jpeg 300w, https:\/\/eldiariodesanpedro.com.ar\/sitio\/wp-content\/uploads\/2023\/03\/WhatsApp-Image-2023-03-14-at-12.49.15-768x433.jpeg 768w\" data-sizes=\"(max-width: 1005px) 100vw, 1005px\" src=\"data:image\/svg+xml;base64,PHN2ZyB3aWR0aD0iMSIgaGVpZ2h0PSIxIiB4bWxucz0iaHR0cDovL3d3dy53My5vcmcvMjAwMC9zdmciPjwvc3ZnPg==\" style=\"--smush-placeholder-width: 1005px; --smush-placeholder-aspect-ratio: 1005\/566;\" \/><\/figure>\n\n\n\n<figure class=\"wp-block-image size-full\"><img decoding=\"async\" width=\"946\" height=\"630\" data-attachment-id=\"115905\" data-permalink=\"https:\/\/eldiariodesanpedro.com.ar\/sitio\/inicio-este-martes-el-primer-museo-de-fotografia-itinerante-de-argentina\/whatsapp-image-2023-03-14-at-12-49-18\/\" data-orig-file=\"https:\/\/eldiariodesanpedro.com.ar\/sitio\/wp-content\/uploads\/2023\/03\/WhatsApp-Image-2023-03-14-at-12.49.18.jpeg\" data-orig-size=\"946,630\" data-comments-opened=\"0\" data-image-meta=\"{&quot;aperture&quot;:&quot;0&quot;,&quot;credit&quot;:&quot;&quot;,&quot;camera&quot;:&quot;&quot;,&quot;caption&quot;:&quot;&quot;,&quot;created_timestamp&quot;:&quot;0&quot;,&quot;copyright&quot;:&quot;&quot;,&quot;focal_length&quot;:&quot;0&quot;,&quot;iso&quot;:&quot;0&quot;,&quot;shutter_speed&quot;:&quot;0&quot;,&quot;title&quot;:&quot;&quot;,&quot;orientation&quot;:&quot;0&quot;}\" data-image-title=\"WhatsApp Image 2023-03-14 at 12.49.18\" data-image-description=\"\" data-image-caption=\"\" data-large-file=\"https:\/\/eldiariodesanpedro.com.ar\/sitio\/wp-content\/uploads\/2023\/03\/WhatsApp-Image-2023-03-14-at-12.49.18.jpeg\" data-src=\"https:\/\/eldiariodesanpedro.com.ar\/sitio\/wp-content\/uploads\/2023\/03\/WhatsApp-Image-2023-03-14-at-12.49.18.jpeg\" alt=\"\" class=\"wp-image-115905 lazyload\" data-srcset=\"https:\/\/eldiariodesanpedro.com.ar\/sitio\/wp-content\/uploads\/2023\/03\/WhatsApp-Image-2023-03-14-at-12.49.18.jpeg 946w, https:\/\/eldiariodesanpedro.com.ar\/sitio\/wp-content\/uploads\/2023\/03\/WhatsApp-Image-2023-03-14-at-12.49.18-300x200.jpeg 300w, https:\/\/eldiariodesanpedro.com.ar\/sitio\/wp-content\/uploads\/2023\/03\/WhatsApp-Image-2023-03-14-at-12.49.18-768x511.jpeg 768w\" data-sizes=\"(max-width: 946px) 100vw, 946px\" src=\"data:image\/svg+xml;base64,PHN2ZyB3aWR0aD0iMSIgaGVpZ2h0PSIxIiB4bWxucz0iaHR0cDovL3d3dy53My5vcmcvMjAwMC9zdmciPjwvc3ZnPg==\" style=\"--smush-placeholder-width: 946px; --smush-placeholder-aspect-ratio: 946\/630;\" \/><\/figure>\n","protected":false},"excerpt":{"rendered":"<p>En plaza Constituci\u00f3n se desarrolla desde este martes la muestra de fotograf\u00eda presentada por FOLA conjuntamente con la Fundaci\u00f3n Luz y Alfonso Castillo que comienza un recorrido por m\u00e1s de 2000 km visitando m\u00e1s de 15 ciudades durante su primer etapa. La muestra comenz\u00f3 este martes con la participaci\u00f3n de la Secretaria de Turismo y [&hellip;]<\/p>\n","protected":false},"author":4,"featured_media":115901,"comment_status":"closed","ping_status":"closed","sticky":false,"template":"","format":"standard","meta":{"om_disable_all_campaigns":false,"_jetpack_memberships_contains_paid_content":false,"footnotes":""},"categories":[101,2],"tags":[197,696,33,19],"class_list":["post-115900","post","type-post","status-publish","format-standard","has-post-thumbnail","hentry","category-interes-general-locales","category-locales","tag-buenos-aires","tag-interes-general","tag-locales","tag-san-pedro"],"aioseo_notices":[],"gutentor_comment":0,"jetpack_featured_media_url":"https:\/\/eldiariodesanpedro.com.ar\/sitio\/wp-content\/uploads\/2023\/03\/WhatsApp-Image-2023-03-14-at-12.49.15-1.jpeg","jetpack_shortlink":"https:\/\/wp.me\/p6RhLt-u9m","jetpack_sharing_enabled":true,"_links":{"self":[{"href":"https:\/\/eldiariodesanpedro.com.ar\/sitio\/wp-json\/wp\/v2\/posts\/115900","targetHints":{"allow":["GET"]}}],"collection":[{"href":"https:\/\/eldiariodesanpedro.com.ar\/sitio\/wp-json\/wp\/v2\/posts"}],"about":[{"href":"https:\/\/eldiariodesanpedro.com.ar\/sitio\/wp-json\/wp\/v2\/types\/post"}],"author":[{"embeddable":true,"href":"https:\/\/eldiariodesanpedro.com.ar\/sitio\/wp-json\/wp\/v2\/users\/4"}],"replies":[{"embeddable":true,"href":"https:\/\/eldiariodesanpedro.com.ar\/sitio\/wp-json\/wp\/v2\/comments?post=115900"}],"version-history":[{"count":1,"href":"https:\/\/eldiariodesanpedro.com.ar\/sitio\/wp-json\/wp\/v2\/posts\/115900\/revisions"}],"predecessor-version":[{"id":115906,"href":"https:\/\/eldiariodesanpedro.com.ar\/sitio\/wp-json\/wp\/v2\/posts\/115900\/revisions\/115906"}],"wp:featuredmedia":[{"embeddable":true,"href":"https:\/\/eldiariodesanpedro.com.ar\/sitio\/wp-json\/wp\/v2\/media\/115901"}],"wp:attachment":[{"href":"https:\/\/eldiariodesanpedro.com.ar\/sitio\/wp-json\/wp\/v2\/media?parent=115900"}],"wp:term":[{"taxonomy":"category","embeddable":true,"href":"https:\/\/eldiariodesanpedro.com.ar\/sitio\/wp-json\/wp\/v2\/categories?post=115900"},{"taxonomy":"post_tag","embeddable":true,"href":"https:\/\/eldiariodesanpedro.com.ar\/sitio\/wp-json\/wp\/v2\/tags?post=115900"}],"curies":[{"name":"wp","href":"https:\/\/api.w.org\/{rel}","templated":true}]}}