{"id":115897,"date":"2023-03-14T15:44:45","date_gmt":"2023-03-14T18:44:45","guid":{"rendered":"https:\/\/eldiariodesanpedro.com.ar\/sitio\/?p=115897"},"modified":"2023-03-14T15:44:47","modified_gmt":"2023-03-14T18:44:47","slug":"bomberos-de-san-pedro-hace-historia-en-el-pais-en-primeros-auxilios-emocionales","status":"publish","type":"post","link":"https:\/\/eldiariodesanpedro.com.ar\/sitio\/bomberos-de-san-pedro-hace-historia-en-el-pais-en-primeros-auxilios-emocionales\/","title":{"rendered":"Bomberos de San Pedro hace historia en el pa\u00eds en primeros auxilios emocionales"},"content":{"rendered":"<!-- VideographyWP Plugin Message: Automatic video embedding prevented by plugin options. -->\n\n<p>Durante el s\u00e1bado y domingo se complet\u00f3 en San Pedro la formaci\u00f3n de la Primer Brigada PAE de elite de la Rep\u00fablica Argentina.<\/p>\n\n\n\n<p>\u00abDespu\u00e9s de cinco a\u00f1os de capacitaci\u00f3n, entrenamientos, pr\u00e1cticas, intervenciones y estudios, San Pedro puede decir con orgullo que la primer Brigada PAE mixta, integrada por Bomberos y Polic\u00eda, es una realidad\u00bb, expresaron desde la instituci\u00f3n.<\/p>\n\n\n\n<p>Con la Licenciada Alicia Galfas\u00f3 como m\u00e1ximo referente y titular de la Red PAE, y el acompa\u00f1amiento permanente de la Jefatura del cuerpo activo, como as\u00ed tambi\u00e9n a los integrantes del Consejo Directivo, nuestra instituci\u00f3n alcanz\u00f3 los objetivos y marcar\u00e1n un hito en el sistema bomberil del pa\u00eds.<\/p>\n\n\n\n<p>El fin de semana, luego de dos jornadas intensas de estudio y trabajo, se entregaron los diplomas que acreditan la finalizaci\u00f3n de la formaci\u00f3n en Primeros Auxilios Emocionales (PAE) compuesta en esta primera experiencia por seis integrantes.<\/p>\n","protected":false},"excerpt":{"rendered":"<p>Durante el s\u00e1bado y domingo se complet\u00f3 en San Pedro la formaci\u00f3n de la Primer Brigada PAE de elite de la Rep\u00fablica Argentina. \u00abDespu\u00e9s de cinco a\u00f1os de capacitaci\u00f3n, entrenamientos, pr\u00e1cticas, intervenciones y estudios, San Pedro puede decir con orgullo que la primer Brigada PAE mixta, integrada por Bomberos y Polic\u00eda, es una realidad\u00bb, expresaron [&hellip;]<\/p>\n","protected":false},"author":4,"featured_media":115898,"comment_status":"closed","ping_status":"closed","sticky":false,"template":"","format":"standard","meta":{"om_disable_all_campaigns":false,"_jetpack_memberships_contains_paid_content":false,"footnotes":""},"categories":[50,101,2],"tags":[197,696,33,19],"class_list":["post-115897","post","type-post","status-publish","format-standard","has-post-thumbnail","hentry","category-destacadas","category-interes-general-locales","category-locales","tag-buenos-aires","tag-interes-general","tag-locales","tag-san-pedro"],"aioseo_notices":[],"gutentor_comment":0,"jetpack_featured_media_url":"https:\/\/eldiariodesanpedro.com.ar\/sitio\/wp-content\/uploads\/2023\/03\/333613544_995775878072512_7407032672939728553_n.jpg","jetpack_shortlink":"https:\/\/wp.me\/p6RhLt-u9j","jetpack_sharing_enabled":true,"_links":{"self":[{"href":"https:\/\/eldiariodesanpedro.com.ar\/sitio\/wp-json\/wp\/v2\/posts\/115897","targetHints":{"allow":["GET"]}}],"collection":[{"href":"https:\/\/eldiariodesanpedro.com.ar\/sitio\/wp-json\/wp\/v2\/posts"}],"about":[{"href":"https:\/\/eldiariodesanpedro.com.ar\/sitio\/wp-json\/wp\/v2\/types\/post"}],"author":[{"embeddable":true,"href":"https:\/\/eldiariodesanpedro.com.ar\/sitio\/wp-json\/wp\/v2\/users\/4"}],"replies":[{"embeddable":true,"href":"https:\/\/eldiariodesanpedro.com.ar\/sitio\/wp-json\/wp\/v2\/comments?post=115897"}],"version-history":[{"count":1,"href":"https:\/\/eldiariodesanpedro.com.ar\/sitio\/wp-json\/wp\/v2\/posts\/115897\/revisions"}],"predecessor-version":[{"id":115899,"href":"https:\/\/eldiariodesanpedro.com.ar\/sitio\/wp-json\/wp\/v2\/posts\/115897\/revisions\/115899"}],"wp:featuredmedia":[{"embeddable":true,"href":"https:\/\/eldiariodesanpedro.com.ar\/sitio\/wp-json\/wp\/v2\/media\/115898"}],"wp:attachment":[{"href":"https:\/\/eldiariodesanpedro.com.ar\/sitio\/wp-json\/wp\/v2\/media?parent=115897"}],"wp:term":[{"taxonomy":"category","embeddable":true,"href":"https:\/\/eldiariodesanpedro.com.ar\/sitio\/wp-json\/wp\/v2\/categories?post=115897"},{"taxonomy":"post_tag","embeddable":true,"href":"https:\/\/eldiariodesanpedro.com.ar\/sitio\/wp-json\/wp\/v2\/tags?post=115897"}],"curies":[{"name":"wp","href":"https:\/\/api.w.org\/{rel}","templated":true}]}}