{"id":115894,"date":"2023-03-14T12:02:37","date_gmt":"2023-03-14T15:02:37","guid":{"rendered":"https:\/\/eldiariodesanpedro.com.ar\/sitio\/?p=115894"},"modified":"2023-03-14T12:02:39","modified_gmt":"2023-03-14T15:02:39","slug":"dos-autos-colisionaron-en-la-ruta-9-uno-de-ellos-despisto-y-volco","status":"publish","type":"post","link":"https:\/\/eldiariodesanpedro.com.ar\/sitio\/dos-autos-colisionaron-en-la-ruta-9-uno-de-ellos-despisto-y-volco\/","title":{"rendered":"Dos autos colisionaron en la Ruta 9, uno de ellos despist\u00f3 y volc\u00f3"},"content":{"rendered":"<!-- VideographyWP Plugin Message: Automatic video embedding prevented by plugin options. -->\n\n<p>El choque ocurri\u00f3 en el d\u00eda de ayer, a la altura del km. km 166 de la Ruta 9, carril Bs. As. \u2013 Rosario, en donde por razones que tratan de establecerse, colisionaron por alcance autom\u00f3vil Chevrolet Cruze, conducido por un hombre de 42 a\u00f1os, acompa\u00f1ado por otro de 32 a\u00f1os, con un Chevrolet Agile, que vuelca despu\u00e9s del impacto. En el mismo se dirig\u00eda una pareja, el conductor de de 72 a\u00f1os y su acompa\u00f1ante, su esposa de 71 a\u00f1os.<\/p>\n\n\n\n<p>Producto de la colisi\u00f3n ambos veh\u00edculos quedaron sobre cantero central, por lo que no obstaculizando el tr\u00e1fico vehicular. La mujer debi\u00f3 ser asistida y trasladada en la ambulancia del centro de salud de la localidad de Rio Tala hacia el nosocomio local, por su estado de nerviosismo sin presentar lesiones. En tanto que el resto resultaron ilesos.<\/p>\n\n\n\n<p><a href=\"http:\/\/canalwebsanpedro.com.ar\/dos-autos-colisionaron-en-la-ruta-9-uno-de-ellos-despisto-y-volco\/\"><\/a><\/p>\n","protected":false},"excerpt":{"rendered":"<p>El choque ocurri\u00f3 en el d\u00eda de ayer, a la altura del km. km 166 de la Ruta 9, carril Bs. As. \u2013 Rosario, en donde por razones que tratan de establecerse, colisionaron por alcance autom\u00f3vil Chevrolet Cruze, conducido por un hombre de 42 a\u00f1os, acompa\u00f1ado por otro de 32 a\u00f1os, con un Chevrolet Agile, [&hellip;]<\/p>\n","protected":false},"author":4,"featured_media":115895,"comment_status":"closed","ping_status":"closed","sticky":false,"template":"","format":"standard","meta":{"om_disable_all_campaigns":false,"_jetpack_memberships_contains_paid_content":false,"footnotes":""},"categories":[2,103],"tags":[197,3431,33,95,19,3432],"class_list":["post-115894","post","type-post","status-publish","format-standard","has-post-thumbnail","hentry","category-locales","category-policiales-locales","tag-buenos-aires","tag-dos-autos-colisionaron-en-la-ruta-9","tag-locales","tag-policiales","tag-san-pedro","tag-uno-de-ellos-despisto-y-volco"],"aioseo_notices":[],"gutentor_comment":0,"jetpack_featured_media_url":"https:\/\/eldiariodesanpedro.com.ar\/sitio\/wp-content\/uploads\/2023\/03\/accidente-ruta-9.jpg","jetpack_shortlink":"https:\/\/wp.me\/p6RhLt-u9g","jetpack_sharing_enabled":true,"_links":{"self":[{"href":"https:\/\/eldiariodesanpedro.com.ar\/sitio\/wp-json\/wp\/v2\/posts\/115894","targetHints":{"allow":["GET"]}}],"collection":[{"href":"https:\/\/eldiariodesanpedro.com.ar\/sitio\/wp-json\/wp\/v2\/posts"}],"about":[{"href":"https:\/\/eldiariodesanpedro.com.ar\/sitio\/wp-json\/wp\/v2\/types\/post"}],"author":[{"embeddable":true,"href":"https:\/\/eldiariodesanpedro.com.ar\/sitio\/wp-json\/wp\/v2\/users\/4"}],"replies":[{"embeddable":true,"href":"https:\/\/eldiariodesanpedro.com.ar\/sitio\/wp-json\/wp\/v2\/comments?post=115894"}],"version-history":[{"count":1,"href":"https:\/\/eldiariodesanpedro.com.ar\/sitio\/wp-json\/wp\/v2\/posts\/115894\/revisions"}],"predecessor-version":[{"id":115896,"href":"https:\/\/eldiariodesanpedro.com.ar\/sitio\/wp-json\/wp\/v2\/posts\/115894\/revisions\/115896"}],"wp:featuredmedia":[{"embeddable":true,"href":"https:\/\/eldiariodesanpedro.com.ar\/sitio\/wp-json\/wp\/v2\/media\/115895"}],"wp:attachment":[{"href":"https:\/\/eldiariodesanpedro.com.ar\/sitio\/wp-json\/wp\/v2\/media?parent=115894"}],"wp:term":[{"taxonomy":"category","embeddable":true,"href":"https:\/\/eldiariodesanpedro.com.ar\/sitio\/wp-json\/wp\/v2\/categories?post=115894"},{"taxonomy":"post_tag","embeddable":true,"href":"https:\/\/eldiariodesanpedro.com.ar\/sitio\/wp-json\/wp\/v2\/tags?post=115894"}],"curies":[{"name":"wp","href":"https:\/\/api.w.org\/{rel}","templated":true}]}}