{"id":115891,"date":"2023-03-14T12:00:34","date_gmt":"2023-03-14T15:00:34","guid":{"rendered":"https:\/\/eldiariodesanpedro.com.ar\/sitio\/?p=115891"},"modified":"2023-03-14T12:00:36","modified_gmt":"2023-03-14T15:00:36","slug":"detienen-a-delincuente-que-robo-un-celular-a-una-mujer","status":"publish","type":"post","link":"https:\/\/eldiariodesanpedro.com.ar\/sitio\/detienen-a-delincuente-que-robo-un-celular-a-una-mujer\/","title":{"rendered":"Detienen a delincuente que rob\u00f3 un celular a una mujer"},"content":{"rendered":"<!-- VideographyWP Plugin Message: Automatic video embedding prevented by plugin options. -->\n\n<p>En el dia de ayer, en horas de la tarde \u2013 noche, personal policial, tras un r\u00e1pido accionar en la calle Bottaro y Juan Jos\u00e9 Paso, aprehendieron a un sujeto de 22 a\u00f1os, quien momentos previos en calle Casella y C. Obligado, sustrajo un tel\u00e9fono celular Samsung A20, propiedad de femenina de 30 a\u00f1os.<\/p>\n\n\n\n<p>Interviene la UFI 07 disponiendo que se lo notifique de la causa y permanezca alojado.-<\/p>\n\n\n\n<p><a href=\"http:\/\/canalwebsanpedro.com.ar\/detienen-a-delincuente-que-robo-un-celular-a-una-mujer\/\"><\/a><\/p>\n","protected":false},"excerpt":{"rendered":"<p>En el dia de ayer, en horas de la tarde \u2013 noche, personal policial, tras un r\u00e1pido accionar en la calle Bottaro y Juan Jos\u00e9 Paso, aprehendieron a un sujeto de 22 a\u00f1os, quien momentos previos en calle Casella y C. Obligado, sustrajo un tel\u00e9fono celular Samsung A20, propiedad de femenina de 30 a\u00f1os. Interviene [&hellip;]<\/p>\n","protected":false},"author":4,"featured_media":115892,"comment_status":"closed","ping_status":"closed","sticky":false,"template":"","format":"standard","meta":{"om_disable_all_campaigns":false,"_jetpack_memberships_contains_paid_content":false,"footnotes":""},"categories":[2,103],"tags":[197,33,95,19],"class_list":["post-115891","post","type-post","status-publish","format-standard","has-post-thumbnail","hentry","category-locales","category-policiales-locales","tag-buenos-aires","tag-locales","tag-policiales","tag-san-pedro"],"aioseo_notices":[],"gutentor_comment":0,"jetpack_featured_media_url":"https:\/\/eldiariodesanpedro.com.ar\/sitio\/wp-content\/uploads\/2023\/03\/robo-celular.jpg","jetpack_shortlink":"https:\/\/wp.me\/p6RhLt-u9d","jetpack_sharing_enabled":true,"_links":{"self":[{"href":"https:\/\/eldiariodesanpedro.com.ar\/sitio\/wp-json\/wp\/v2\/posts\/115891","targetHints":{"allow":["GET"]}}],"collection":[{"href":"https:\/\/eldiariodesanpedro.com.ar\/sitio\/wp-json\/wp\/v2\/posts"}],"about":[{"href":"https:\/\/eldiariodesanpedro.com.ar\/sitio\/wp-json\/wp\/v2\/types\/post"}],"author":[{"embeddable":true,"href":"https:\/\/eldiariodesanpedro.com.ar\/sitio\/wp-json\/wp\/v2\/users\/4"}],"replies":[{"embeddable":true,"href":"https:\/\/eldiariodesanpedro.com.ar\/sitio\/wp-json\/wp\/v2\/comments?post=115891"}],"version-history":[{"count":1,"href":"https:\/\/eldiariodesanpedro.com.ar\/sitio\/wp-json\/wp\/v2\/posts\/115891\/revisions"}],"predecessor-version":[{"id":115893,"href":"https:\/\/eldiariodesanpedro.com.ar\/sitio\/wp-json\/wp\/v2\/posts\/115891\/revisions\/115893"}],"wp:featuredmedia":[{"embeddable":true,"href":"https:\/\/eldiariodesanpedro.com.ar\/sitio\/wp-json\/wp\/v2\/media\/115892"}],"wp:attachment":[{"href":"https:\/\/eldiariodesanpedro.com.ar\/sitio\/wp-json\/wp\/v2\/media?parent=115891"}],"wp:term":[{"taxonomy":"category","embeddable":true,"href":"https:\/\/eldiariodesanpedro.com.ar\/sitio\/wp-json\/wp\/v2\/categories?post=115891"},{"taxonomy":"post_tag","embeddable":true,"href":"https:\/\/eldiariodesanpedro.com.ar\/sitio\/wp-json\/wp\/v2\/tags?post=115891"}],"curies":[{"name":"wp","href":"https:\/\/api.w.org\/{rel}","templated":true}]}}