{"id":115888,"date":"2023-03-14T11:55:25","date_gmt":"2023-03-14T14:55:25","guid":{"rendered":"https:\/\/eldiariodesanpedro.com.ar\/sitio\/?p=115888"},"modified":"2023-03-14T11:55:26","modified_gmt":"2023-03-14T14:55:26","slug":"el-hospital-sadiv-informo-los-convenios-para-la-guardia-general","status":"publish","type":"post","link":"https:\/\/eldiariodesanpedro.com.ar\/sitio\/el-hospital-sadiv-informo-los-convenios-para-la-guardia-general\/","title":{"rendered":"El Hospital SADIV inform\u00f3 los convenios para la Guardia General"},"content":{"rendered":"<!-- VideographyWP Plugin Message: Automatic video embedding prevented by plugin options. -->\n\n<p><a href=\"http:\/\/canalwebsanpedro.com.ar\/el-hospital-sadiv-informo-los-convenios-para-la-guardia-general\/\"><\/a><\/p>\n\n\n\n<p>El Hospital Privado SADIV, tras la puesta en marcha su servicios de Guardia para adultos y pedi\u00e1trica, Unidad Coronaria y Terapia Intensiva e Internaci\u00f3n; dio a conocer los convenios activos con obras sociales.<\/p>\n\n\n\n<p>Cabe recordar, que seg\u00fan fue anunciado, el centro asistencial cuenta con 10 camas de internaci\u00f3n transitoria para adultos, 2 camas pedi\u00e1tricas y 60 camas de internaci\u00f3n prolongada. A su vez, un sector de adultos y otro especial destinado a pediatr\u00eda. De la totalidad de camas, 15 corresponden a unidades cr\u00edticas (Terapia Intensiva y Unidad Coronaria).<\/p>\n\n\n\n<p>A continuaci\u00f3n se detalla el listado de convenios activos para la guardia:<br>ACCORD SALUD<\/p>\n\n\n\n<ul class=\"wp-block-list\"><li>AVALIAN<\/li><li>AMEPBA<\/li><li>CASA<\/li><li>COLEGIO DE ESCRIBANOS<\/li><\/ul>\n\n\n\n<p>JER\u00c1RQUICOS<\/p>\n\n\n\n<ul class=\"wp-block-list\"><li>LA PEQUE\u00d1A FAMILIA<\/li><li>LA SEGUNDA<\/li><li>OSDE<\/li><li>OSPACARP<\/li><\/ul>\n\n\n\n<p>OSP\u00cdA (solo consulta)<\/p>\n\n\n\n<ul class=\"wp-block-list\"><li>OSPRERA<\/li><li>OSPIQYP<\/li><li>OSEMM<\/li><li>PREVENCION ART<\/li><li>PREVENCION SALUD<\/li><li>PROVINCIA ART<\/li><li>SWISS MEDICAL<\/li><\/ul>\n\n\n\n<p>UNI\u00d3N PERSONAL<\/p>\n\n\n\n<ul class=\"wp-block-list\"><li>WORD SALUD<\/li><\/ul>\n","protected":false},"excerpt":{"rendered":"<p>El Hospital Privado SADIV, tras la puesta en marcha su servicios de Guardia para adultos y pedi\u00e1trica, Unidad Coronaria y Terapia Intensiva e Internaci\u00f3n; dio a conocer los convenios activos con obras sociales. Cabe recordar, que seg\u00fan fue anunciado, el centro asistencial cuenta con 10 camas de internaci\u00f3n transitoria para adultos, 2 camas pedi\u00e1tricas y [&hellip;]<\/p>\n","protected":false},"author":4,"featured_media":115889,"comment_status":"closed","ping_status":"closed","sticky":false,"template":"","format":"standard","meta":{"om_disable_all_campaigns":false,"_jetpack_memberships_contains_paid_content":false,"footnotes":""},"categories":[50,101,2],"tags":[197,696,33,19],"class_list":["post-115888","post","type-post","status-publish","format-standard","has-post-thumbnail","hentry","category-destacadas","category-interes-general-locales","category-locales","tag-buenos-aires","tag-interes-general","tag-locales","tag-san-pedro"],"aioseo_notices":[],"gutentor_comment":0,"jetpack_featured_media_url":"https:\/\/eldiariodesanpedro.com.ar\/sitio\/wp-content\/uploads\/2023\/03\/fondohps.5c62516e746388776a1f.jpg","jetpack_shortlink":"https:\/\/wp.me\/p6RhLt-u9a","jetpack_sharing_enabled":true,"_links":{"self":[{"href":"https:\/\/eldiariodesanpedro.com.ar\/sitio\/wp-json\/wp\/v2\/posts\/115888","targetHints":{"allow":["GET"]}}],"collection":[{"href":"https:\/\/eldiariodesanpedro.com.ar\/sitio\/wp-json\/wp\/v2\/posts"}],"about":[{"href":"https:\/\/eldiariodesanpedro.com.ar\/sitio\/wp-json\/wp\/v2\/types\/post"}],"author":[{"embeddable":true,"href":"https:\/\/eldiariodesanpedro.com.ar\/sitio\/wp-json\/wp\/v2\/users\/4"}],"replies":[{"embeddable":true,"href":"https:\/\/eldiariodesanpedro.com.ar\/sitio\/wp-json\/wp\/v2\/comments?post=115888"}],"version-history":[{"count":1,"href":"https:\/\/eldiariodesanpedro.com.ar\/sitio\/wp-json\/wp\/v2\/posts\/115888\/revisions"}],"predecessor-version":[{"id":115890,"href":"https:\/\/eldiariodesanpedro.com.ar\/sitio\/wp-json\/wp\/v2\/posts\/115888\/revisions\/115890"}],"wp:featuredmedia":[{"embeddable":true,"href":"https:\/\/eldiariodesanpedro.com.ar\/sitio\/wp-json\/wp\/v2\/media\/115889"}],"wp:attachment":[{"href":"https:\/\/eldiariodesanpedro.com.ar\/sitio\/wp-json\/wp\/v2\/media?parent=115888"}],"wp:term":[{"taxonomy":"category","embeddable":true,"href":"https:\/\/eldiariodesanpedro.com.ar\/sitio\/wp-json\/wp\/v2\/categories?post=115888"},{"taxonomy":"post_tag","embeddable":true,"href":"https:\/\/eldiariodesanpedro.com.ar\/sitio\/wp-json\/wp\/v2\/tags?post=115888"}],"curies":[{"name":"wp","href":"https:\/\/api.w.org\/{rel}","templated":true}]}}