{"id":115881,"date":"2023-03-14T11:38:46","date_gmt":"2023-03-14T14:38:46","guid":{"rendered":"https:\/\/eldiariodesanpedro.com.ar\/sitio\/?p=115881"},"modified":"2023-03-14T11:38:48","modified_gmt":"2023-03-14T14:38:48","slug":"reunion-con-autoridades-del-ente-de-obras-hidricas-de-la-nacion","status":"publish","type":"post","link":"https:\/\/eldiariodesanpedro.com.ar\/sitio\/reunion-con-autoridades-del-ente-de-obras-hidricas-de-la-nacion\/","title":{"rendered":"Reuni\u00f3n con autoridades del Ente de Obras H\u00eddricas de la Naci\u00f3n"},"content":{"rendered":"<!-- VideographyWP Plugin Message: Automatic video embedding prevented by plugin options. -->\n\n<p>El Intendente Municipal Dr. Ram\u00f3n Salazar y el Secretario de Obras, Planeamiento y Catastro, Dr. Javier Silva fueron recibidos este lunes por el Sub Administrador del Ente Nacional de Obras H\u00eddricas de Saneamiento (ENOHSA) N\u00e9stor \u00c1lvarez, para una reuni\u00f3n de trabajo en la que se repasaron diferentes proyectos sobre los que se trabaja con la ciudad y las localidades.<\/p>\n\n\n\n<p>Con el excelente v\u00ednculo que desde el gobierno municipal se mantiene con el Ministerio de Obras P\u00fablicas de la Naci\u00f3n, del cual depende este organismo, se avanza en la planificaci\u00f3n de nuevas perforaciones que se ir\u00e1n concretando para ser conectadas a la red, la ampliaci\u00f3n de la red de agua potable en diferentes zonas (entre ellas el Paraje La Buena Moza) y la ampliaci\u00f3n de la red cloacal.<\/p>\n\n\n\n<figure class=\"wp-block-image size-full\"><img decoding=\"async\" width=\"946\" height=\"630\" data-attachment-id=\"115883\" data-permalink=\"https:\/\/eldiariodesanpedro.com.ar\/sitio\/reunion-con-autoridades-del-ente-de-obras-hidricas-de-la-nacion\/whatsapp-image-2023-03-14-at-07-20-16\/\" data-orig-file=\"https:\/\/eldiariodesanpedro.com.ar\/sitio\/wp-content\/uploads\/2023\/03\/WhatsApp-Image-2023-03-14-at-07.20.16.jpeg\" data-orig-size=\"946,630\" data-comments-opened=\"0\" data-image-meta=\"{&quot;aperture&quot;:&quot;0&quot;,&quot;credit&quot;:&quot;&quot;,&quot;camera&quot;:&quot;&quot;,&quot;caption&quot;:&quot;&quot;,&quot;created_timestamp&quot;:&quot;0&quot;,&quot;copyright&quot;:&quot;&quot;,&quot;focal_length&quot;:&quot;0&quot;,&quot;iso&quot;:&quot;0&quot;,&quot;shutter_speed&quot;:&quot;0&quot;,&quot;title&quot;:&quot;&quot;,&quot;orientation&quot;:&quot;0&quot;}\" data-image-title=\"WhatsApp Image 2023-03-14 at 07.20.16\" data-image-description=\"\" data-image-caption=\"\" data-large-file=\"https:\/\/eldiariodesanpedro.com.ar\/sitio\/wp-content\/uploads\/2023\/03\/WhatsApp-Image-2023-03-14-at-07.20.16.jpeg\" data-src=\"https:\/\/eldiariodesanpedro.com.ar\/sitio\/wp-content\/uploads\/2023\/03\/WhatsApp-Image-2023-03-14-at-07.20.16.jpeg\" alt=\"\" class=\"wp-image-115883 lazyload\" data-srcset=\"https:\/\/eldiariodesanpedro.com.ar\/sitio\/wp-content\/uploads\/2023\/03\/WhatsApp-Image-2023-03-14-at-07.20.16.jpeg 946w, https:\/\/eldiariodesanpedro.com.ar\/sitio\/wp-content\/uploads\/2023\/03\/WhatsApp-Image-2023-03-14-at-07.20.16-300x200.jpeg 300w, https:\/\/eldiariodesanpedro.com.ar\/sitio\/wp-content\/uploads\/2023\/03\/WhatsApp-Image-2023-03-14-at-07.20.16-768x511.jpeg 768w\" data-sizes=\"(max-width: 946px) 100vw, 946px\" src=\"data:image\/svg+xml;base64,PHN2ZyB3aWR0aD0iMSIgaGVpZ2h0PSIxIiB4bWxucz0iaHR0cDovL3d3dy53My5vcmcvMjAwMC9zdmciPjwvc3ZnPg==\" style=\"--smush-placeholder-width: 946px; --smush-placeholder-aspect-ratio: 946\/630;\" \/><\/figure>\n","protected":false},"excerpt":{"rendered":"<p>El Intendente Municipal Dr. Ram\u00f3n Salazar y el Secretario de Obras, Planeamiento y Catastro, Dr. Javier Silva fueron recibidos este lunes por el Sub Administrador del Ente Nacional de Obras H\u00eddricas de Saneamiento (ENOHSA) N\u00e9stor \u00c1lvarez, para una reuni\u00f3n de trabajo en la que se repasaron diferentes proyectos sobre los que se trabaja con la [&hellip;]<\/p>\n","protected":false},"author":4,"featured_media":115882,"comment_status":"closed","ping_status":"closed","sticky":false,"template":"","format":"standard","meta":{"om_disable_all_campaigns":false,"_jetpack_memberships_contains_paid_content":false,"footnotes":""},"categories":[50,101,2],"tags":[197,696,33,19],"class_list":["post-115881","post","type-post","status-publish","format-standard","has-post-thumbnail","hentry","category-destacadas","category-interes-general-locales","category-locales","tag-buenos-aires","tag-interes-general","tag-locales","tag-san-pedro"],"aioseo_notices":[],"gutentor_comment":0,"jetpack_featured_media_url":"https:\/\/eldiariodesanpedro.com.ar\/sitio\/wp-content\/uploads\/2023\/03\/WhatsApp-Image-2023-03-14-at-07.20.15.jpeg","jetpack_shortlink":"https:\/\/wp.me\/p6RhLt-u93","jetpack_sharing_enabled":true,"_links":{"self":[{"href":"https:\/\/eldiariodesanpedro.com.ar\/sitio\/wp-json\/wp\/v2\/posts\/115881","targetHints":{"allow":["GET"]}}],"collection":[{"href":"https:\/\/eldiariodesanpedro.com.ar\/sitio\/wp-json\/wp\/v2\/posts"}],"about":[{"href":"https:\/\/eldiariodesanpedro.com.ar\/sitio\/wp-json\/wp\/v2\/types\/post"}],"author":[{"embeddable":true,"href":"https:\/\/eldiariodesanpedro.com.ar\/sitio\/wp-json\/wp\/v2\/users\/4"}],"replies":[{"embeddable":true,"href":"https:\/\/eldiariodesanpedro.com.ar\/sitio\/wp-json\/wp\/v2\/comments?post=115881"}],"version-history":[{"count":1,"href":"https:\/\/eldiariodesanpedro.com.ar\/sitio\/wp-json\/wp\/v2\/posts\/115881\/revisions"}],"predecessor-version":[{"id":115884,"href":"https:\/\/eldiariodesanpedro.com.ar\/sitio\/wp-json\/wp\/v2\/posts\/115881\/revisions\/115884"}],"wp:featuredmedia":[{"embeddable":true,"href":"https:\/\/eldiariodesanpedro.com.ar\/sitio\/wp-json\/wp\/v2\/media\/115882"}],"wp:attachment":[{"href":"https:\/\/eldiariodesanpedro.com.ar\/sitio\/wp-json\/wp\/v2\/media?parent=115881"}],"wp:term":[{"taxonomy":"category","embeddable":true,"href":"https:\/\/eldiariodesanpedro.com.ar\/sitio\/wp-json\/wp\/v2\/categories?post=115881"},{"taxonomy":"post_tag","embeddable":true,"href":"https:\/\/eldiariodesanpedro.com.ar\/sitio\/wp-json\/wp\/v2\/tags?post=115881"}],"curies":[{"name":"wp","href":"https:\/\/api.w.org\/{rel}","templated":true}]}}