{"id":115876,"date":"2023-03-13T22:57:50","date_gmt":"2023-03-14T01:57:50","guid":{"rendered":"https:\/\/eldiariodesanpedro.com.ar\/sitio\/?p=115876"},"modified":"2023-03-13T22:57:52","modified_gmt":"2023-03-14T01:57:52","slug":"edicto-de-sucesion-de-gilberto-orlando-segalat","status":"publish","type":"post","link":"https:\/\/eldiariodesanpedro.com.ar\/sitio\/edicto-de-sucesion-de-gilberto-orlando-segalat\/","title":{"rendered":"Edicto de Sucesi\u00f3n de Gilberto Orlando Segalat"},"content":{"rendered":"<!-- VideographyWP Plugin Message: Automatic video embedding prevented by plugin options. -->\n\n<p>El Juzgado de Paz de San Pedro, cita y emplaza por el t\u00e9rmino de 30 d\u00edas a herederos y acreedores de Don <strong>Gilberto Orlando Segalat<\/strong>.- San Pedro, 10 de Marzo de 2023.-<\/p>\n\n\n\n<p>FACUNDO VELL\u00d3N<br>ABOGADO SECRETARIO<\/p>\n\n\n\n<p>(Publicaci\u00f3n V\u00e1lida por los d\u00edas 13 de marzo de 2023)<br><a href=\"https:\/\/notificaciones.scba.gov.ar\/verificarnotificacion.aspx?codNotif=6WC1UT\">https:\/\/notificaciones.scba.gov.ar\/verificarnotificacion.aspx?codNotif=6WC1UT<\/a><\/p>\n","protected":false},"excerpt":{"rendered":"<p>El Juzgado de Paz de San Pedro, cita y emplaza por el t\u00e9rmino de 30 d\u00edas a herederos y acreedores de Don Gilberto Orlando Segalat.- San Pedro, 10 de Marzo de 2023.- FACUNDO VELL\u00d3NABOGADO SECRETARIO (Publicaci\u00f3n V\u00e1lida por los d\u00edas 13 de marzo de 2023)https:\/\/notificaciones.scba.gov.ar\/verificarnotificacion.aspx?codNotif=6WC1UT<\/p>\n","protected":false},"author":4,"featured_media":102746,"comment_status":"closed","ping_status":"closed","sticky":false,"template":"","format":"standard","meta":{"om_disable_all_campaigns":false,"_jetpack_memberships_contains_paid_content":false,"footnotes":""},"categories":[676,677],"tags":[197,3428,1355,33,19,1122],"class_list":["post-115876","post","type-post","status-publish","format-standard","has-post-thumbnail","hentry","category-edictos","category-edictos-sucesorios","tag-buenos-aires","tag-edicto-de-sucesion-de-gilberto-orlando-segalat","tag-judiciales","tag-locales","tag-san-pedro","tag-sucesion"],"aioseo_notices":[],"gutentor_comment":0,"jetpack_featured_media_url":"https:\/\/eldiariodesanpedro.com.ar\/sitio\/wp-content\/uploads\/2022\/01\/EDICTO.jpg","jetpack_shortlink":"https:\/\/wp.me\/p6RhLt-u8Y","jetpack_sharing_enabled":true,"_links":{"self":[{"href":"https:\/\/eldiariodesanpedro.com.ar\/sitio\/wp-json\/wp\/v2\/posts\/115876","targetHints":{"allow":["GET"]}}],"collection":[{"href":"https:\/\/eldiariodesanpedro.com.ar\/sitio\/wp-json\/wp\/v2\/posts"}],"about":[{"href":"https:\/\/eldiariodesanpedro.com.ar\/sitio\/wp-json\/wp\/v2\/types\/post"}],"author":[{"embeddable":true,"href":"https:\/\/eldiariodesanpedro.com.ar\/sitio\/wp-json\/wp\/v2\/users\/4"}],"replies":[{"embeddable":true,"href":"https:\/\/eldiariodesanpedro.com.ar\/sitio\/wp-json\/wp\/v2\/comments?post=115876"}],"version-history":[{"count":1,"href":"https:\/\/eldiariodesanpedro.com.ar\/sitio\/wp-json\/wp\/v2\/posts\/115876\/revisions"}],"predecessor-version":[{"id":115877,"href":"https:\/\/eldiariodesanpedro.com.ar\/sitio\/wp-json\/wp\/v2\/posts\/115876\/revisions\/115877"}],"wp:featuredmedia":[{"embeddable":true,"href":"https:\/\/eldiariodesanpedro.com.ar\/sitio\/wp-json\/wp\/v2\/media\/102746"}],"wp:attachment":[{"href":"https:\/\/eldiariodesanpedro.com.ar\/sitio\/wp-json\/wp\/v2\/media?parent=115876"}],"wp:term":[{"taxonomy":"category","embeddable":true,"href":"https:\/\/eldiariodesanpedro.com.ar\/sitio\/wp-json\/wp\/v2\/categories?post=115876"},{"taxonomy":"post_tag","embeddable":true,"href":"https:\/\/eldiariodesanpedro.com.ar\/sitio\/wp-json\/wp\/v2\/tags?post=115876"}],"curies":[{"name":"wp","href":"https:\/\/api.w.org\/{rel}","templated":true}]}}