{"id":115864,"date":"2023-03-13T14:12:23","date_gmt":"2023-03-13T17:12:23","guid":{"rendered":"https:\/\/eldiariodesanpedro.com.ar\/sitio\/?p=115864"},"modified":"2023-03-13T14:12:25","modified_gmt":"2023-03-13T17:12:25","slug":"tres-propuestas-para-la-repavimentacion-de-la-ruta-1001-y-crucero-general-belgrano","status":"publish","type":"post","link":"https:\/\/eldiariodesanpedro.com.ar\/sitio\/tres-propuestas-para-la-repavimentacion-de-la-ruta-1001-y-crucero-general-belgrano\/","title":{"rendered":"Tres propuestas para la repavimentaci\u00f3n de la Ruta 1001 y Crucero General Belgrano"},"content":{"rendered":"<!-- VideographyWP Plugin Message: Automatic video embedding prevented by plugin options. -->\n\n<p>Esta ma\u00f1ana en la Direcci\u00f3n de Vialidad de la Provincia de Buenos Aires, el Intendente Ram\u00f3n Salazar y el Intendente en uso de licencia, integrante del directorio de Trenes Argentinos Cargas, Cecilio Salazar participaron junto al administrador de Vialidad, Hern\u00e1n Y Zurieta, de la apertura de sobres con propuestas para la repavimentaci\u00f3n de la Ruta 1001 (Camino N\u00ba099-01) desde Ruta 9 hasta Crucero General Belgrano y desde 11 de septiembre hasta el Corral\u00f3n Municipal y el bacheo del Camino N\u00ba 099-13 (Crucero General Belgrano) desde 1001 hasta Av. 3 de febrero.<\/p>\n\n\n\n<p>El presupuesto oficial para las obras, anunciadas por el Gobernador Kicillof en febrero pasado en su visita a nuestra ciudad, es de $1.852.663.752,06 y se presentaron 3 oferentes. A partir de ahora comienza el proceso de an\u00e1lisis para determinar la adjudicaci\u00f3n y el inicio de los trabajos.<\/p>\n\n\n\n<p>El Intendente Salazar comparti\u00f3 su gran satisfacci\u00f3n ante este acto y se\u00f1al\u00f3 que \u00abes la obra m\u00e1s esperada por la gente de San Pedro. Estamos agradecidos con el administrador, con el Ministro de Infraestructura y Servicios P\u00fablicos, Leo Nardini y fundamentalmente con el Gobernador Axel Kicillof quien sostuvo la decisi\u00f3n de concretar esta obra como nos hab\u00eda asegurado\u201d.<\/p>\n\n\n\n<p>Y agreg\u00f3: \u201cEsta obra tiene much\u00edsimo impacto para nuestros vecinos, porque es el ingreso a nuestra ciudad. Es una ruta muy transitada por camiones y por gente que trabaja\u201d.<\/p>\n\n\n\n<p>El Administrador de Vialidad destac\u00f3: \u201cGracias a la decisi\u00f3n pol\u00edtica del Gobernador Kicillof podemos realizar estas obras que mejoran la vida de los sampedrinos\u201d.<\/p>\n\n\n\n<p>Las licitaciones de hoy comprenden la v\u00eda de comunicaci\u00f3n estrat\u00e9gica entre la localidad de R\u00edo Tala con la zona urbana de San Pedro, siendo el \u00fanico acceso de tr\u00e1nsito pesado al Puerto desde la RN 9, y a los establecimientos industriales de la zona, mejorando notablemente la transitabilidad y la seguridad vial. Y, adem\u00e1s, el bacheo del Camino 099-13 en el tramo comprendido que inicia en el Camino 099-01 y finaliza en la calle 3 de febrero.<\/p>\n\n\n\n<figure class=\"wp-block-image size-full\"><img decoding=\"async\" width=\"946\" height=\"630\" data-attachment-id=\"115866\" data-permalink=\"https:\/\/eldiariodesanpedro.com.ar\/sitio\/tres-propuestas-para-la-repavimentacion-de-la-ruta-1001-y-crucero-general-belgrano\/whatsapp-image-2023-03-13-at-13-14-43\/\" data-orig-file=\"https:\/\/eldiariodesanpedro.com.ar\/sitio\/wp-content\/uploads\/2023\/03\/WhatsApp-Image-2023-03-13-at-13.14.43.jpeg\" data-orig-size=\"946,630\" data-comments-opened=\"0\" data-image-meta=\"{&quot;aperture&quot;:&quot;0&quot;,&quot;credit&quot;:&quot;&quot;,&quot;camera&quot;:&quot;&quot;,&quot;caption&quot;:&quot;&quot;,&quot;created_timestamp&quot;:&quot;0&quot;,&quot;copyright&quot;:&quot;&quot;,&quot;focal_length&quot;:&quot;0&quot;,&quot;iso&quot;:&quot;0&quot;,&quot;shutter_speed&quot;:&quot;0&quot;,&quot;title&quot;:&quot;&quot;,&quot;orientation&quot;:&quot;0&quot;}\" data-image-title=\"WhatsApp Image 2023-03-13 at 13.14.43\" data-image-description=\"\" data-image-caption=\"\" data-large-file=\"https:\/\/eldiariodesanpedro.com.ar\/sitio\/wp-content\/uploads\/2023\/03\/WhatsApp-Image-2023-03-13-at-13.14.43.jpeg\" data-src=\"https:\/\/eldiariodesanpedro.com.ar\/sitio\/wp-content\/uploads\/2023\/03\/WhatsApp-Image-2023-03-13-at-13.14.43.jpeg\" alt=\"\" class=\"wp-image-115866 lazyload\" data-srcset=\"https:\/\/eldiariodesanpedro.com.ar\/sitio\/wp-content\/uploads\/2023\/03\/WhatsApp-Image-2023-03-13-at-13.14.43.jpeg 946w, https:\/\/eldiariodesanpedro.com.ar\/sitio\/wp-content\/uploads\/2023\/03\/WhatsApp-Image-2023-03-13-at-13.14.43-300x200.jpeg 300w, https:\/\/eldiariodesanpedro.com.ar\/sitio\/wp-content\/uploads\/2023\/03\/WhatsApp-Image-2023-03-13-at-13.14.43-768x511.jpeg 768w\" data-sizes=\"(max-width: 946px) 100vw, 946px\" src=\"data:image\/svg+xml;base64,PHN2ZyB3aWR0aD0iMSIgaGVpZ2h0PSIxIiB4bWxucz0iaHR0cDovL3d3dy53My5vcmcvMjAwMC9zdmciPjwvc3ZnPg==\" style=\"--smush-placeholder-width: 946px; --smush-placeholder-aspect-ratio: 946\/630;\" \/><\/figure>\n\n\n\n<figure class=\"wp-block-image size-full\"><img decoding=\"async\" width=\"946\" height=\"630\" data-attachment-id=\"115865\" data-permalink=\"https:\/\/eldiariodesanpedro.com.ar\/sitio\/tres-propuestas-para-la-repavimentacion-de-la-ruta-1001-y-crucero-general-belgrano\/whatsapp-image-2023-03-13-at-13-14-43-1\/\" data-orig-file=\"https:\/\/eldiariodesanpedro.com.ar\/sitio\/wp-content\/uploads\/2023\/03\/WhatsApp-Image-2023-03-13-at-13.14.43-1.jpeg\" data-orig-size=\"946,630\" data-comments-opened=\"0\" data-image-meta=\"{&quot;aperture&quot;:&quot;0&quot;,&quot;credit&quot;:&quot;&quot;,&quot;camera&quot;:&quot;&quot;,&quot;caption&quot;:&quot;&quot;,&quot;created_timestamp&quot;:&quot;0&quot;,&quot;copyright&quot;:&quot;&quot;,&quot;focal_length&quot;:&quot;0&quot;,&quot;iso&quot;:&quot;0&quot;,&quot;shutter_speed&quot;:&quot;0&quot;,&quot;title&quot;:&quot;&quot;,&quot;orientation&quot;:&quot;0&quot;}\" data-image-title=\"WhatsApp Image 2023-03-13 at 13.14.43 (1)\" data-image-description=\"\" data-image-caption=\"\" data-large-file=\"https:\/\/eldiariodesanpedro.com.ar\/sitio\/wp-content\/uploads\/2023\/03\/WhatsApp-Image-2023-03-13-at-13.14.43-1.jpeg\" data-src=\"https:\/\/eldiariodesanpedro.com.ar\/sitio\/wp-content\/uploads\/2023\/03\/WhatsApp-Image-2023-03-13-at-13.14.43-1.jpeg\" alt=\"\" class=\"wp-image-115865 lazyload\" data-srcset=\"https:\/\/eldiariodesanpedro.com.ar\/sitio\/wp-content\/uploads\/2023\/03\/WhatsApp-Image-2023-03-13-at-13.14.43-1.jpeg 946w, https:\/\/eldiariodesanpedro.com.ar\/sitio\/wp-content\/uploads\/2023\/03\/WhatsApp-Image-2023-03-13-at-13.14.43-1-300x200.jpeg 300w, https:\/\/eldiariodesanpedro.com.ar\/sitio\/wp-content\/uploads\/2023\/03\/WhatsApp-Image-2023-03-13-at-13.14.43-1-768x511.jpeg 768w\" data-sizes=\"(max-width: 946px) 100vw, 946px\" src=\"data:image\/svg+xml;base64,PHN2ZyB3aWR0aD0iMSIgaGVpZ2h0PSIxIiB4bWxucz0iaHR0cDovL3d3dy53My5vcmcvMjAwMC9zdmciPjwvc3ZnPg==\" style=\"--smush-placeholder-width: 946px; --smush-placeholder-aspect-ratio: 946\/630;\" \/><\/figure>\n","protected":false},"excerpt":{"rendered":"<p>Esta ma\u00f1ana en la Direcci\u00f3n de Vialidad de la Provincia de Buenos Aires, el Intendente Ram\u00f3n Salazar y el Intendente en uso de licencia, integrante del directorio de Trenes Argentinos Cargas, Cecilio Salazar participaron junto al administrador de Vialidad, Hern\u00e1n Y Zurieta, de la apertura de sobres con propuestas para la repavimentaci\u00f3n de la Ruta [&hellip;]<\/p>\n","protected":false},"author":4,"featured_media":115868,"comment_status":"closed","ping_status":"closed","sticky":false,"template":"","format":"standard","meta":{"om_disable_all_campaigns":false,"_jetpack_memberships_contains_paid_content":false,"footnotes":""},"categories":[50,101,2],"tags":[197,696,33,19],"class_list":["post-115864","post","type-post","status-publish","format-standard","has-post-thumbnail","hentry","category-destacadas","category-interes-general-locales","category-locales","tag-buenos-aires","tag-interes-general","tag-locales","tag-san-pedro"],"aioseo_notices":[],"gutentor_comment":0,"jetpack_featured_media_url":"https:\/\/eldiariodesanpedro.com.ar\/sitio\/wp-content\/uploads\/2023\/03\/WhatsApp-Image-2023-03-13-at-13.14.45-1.jpeg","jetpack_shortlink":"https:\/\/wp.me\/p6RhLt-u8M","jetpack_sharing_enabled":true,"_links":{"self":[{"href":"https:\/\/eldiariodesanpedro.com.ar\/sitio\/wp-json\/wp\/v2\/posts\/115864","targetHints":{"allow":["GET"]}}],"collection":[{"href":"https:\/\/eldiariodesanpedro.com.ar\/sitio\/wp-json\/wp\/v2\/posts"}],"about":[{"href":"https:\/\/eldiariodesanpedro.com.ar\/sitio\/wp-json\/wp\/v2\/types\/post"}],"author":[{"embeddable":true,"href":"https:\/\/eldiariodesanpedro.com.ar\/sitio\/wp-json\/wp\/v2\/users\/4"}],"replies":[{"embeddable":true,"href":"https:\/\/eldiariodesanpedro.com.ar\/sitio\/wp-json\/wp\/v2\/comments?post=115864"}],"version-history":[{"count":1,"href":"https:\/\/eldiariodesanpedro.com.ar\/sitio\/wp-json\/wp\/v2\/posts\/115864\/revisions"}],"predecessor-version":[{"id":115870,"href":"https:\/\/eldiariodesanpedro.com.ar\/sitio\/wp-json\/wp\/v2\/posts\/115864\/revisions\/115870"}],"wp:featuredmedia":[{"embeddable":true,"href":"https:\/\/eldiariodesanpedro.com.ar\/sitio\/wp-json\/wp\/v2\/media\/115868"}],"wp:attachment":[{"href":"https:\/\/eldiariodesanpedro.com.ar\/sitio\/wp-json\/wp\/v2\/media?parent=115864"}],"wp:term":[{"taxonomy":"category","embeddable":true,"href":"https:\/\/eldiariodesanpedro.com.ar\/sitio\/wp-json\/wp\/v2\/categories?post=115864"},{"taxonomy":"post_tag","embeddable":true,"href":"https:\/\/eldiariodesanpedro.com.ar\/sitio\/wp-json\/wp\/v2\/tags?post=115864"}],"curies":[{"name":"wp","href":"https:\/\/api.w.org\/{rel}","templated":true}]}}