{"id":115858,"date":"2023-03-13T13:40:28","date_gmt":"2023-03-13T16:40:28","guid":{"rendered":"https:\/\/eldiariodesanpedro.com.ar\/sitio\/?p=115858"},"modified":"2023-03-13T13:40:30","modified_gmt":"2023-03-13T16:40:30","slug":"juegos-bonaerenses-2023-inscripciones-abiertas-para-las-actividades-deportivas","status":"publish","type":"post","link":"https:\/\/eldiariodesanpedro.com.ar\/sitio\/juegos-bonaerenses-2023-inscripciones-abiertas-para-las-actividades-deportivas\/","title":{"rendered":"Juegos Bonaerenses 2023: Inscripciones abiertas para las actividades deportivas"},"content":{"rendered":"<!-- VideographyWP Plugin Message: Automatic video embedding prevented by plugin options. -->\n\n<p>La Direcci\u00f3n de Deportes de la Municipalidad de San Pedro informa que se encuentra abierta la inscripci\u00f3n, hasta el 30 de abril para las actividades deportivas. Se podr\u00e1n realizar de manera presencial en el Estadio Municipal, de lunes a viernes en el horario de 8 a 14.<\/p>\n","protected":false},"excerpt":{"rendered":"<p>La Direcci\u00f3n de Deportes de la Municipalidad de San Pedro informa que se encuentra abierta la inscripci\u00f3n, hasta el 30 de abril para las actividades deportivas. Se podr\u00e1n realizar de manera presencial en el Estadio Municipal, de lunes a viernes en el horario de 8 a 14.<\/p>\n","protected":false},"author":4,"featured_media":115859,"comment_status":"closed","ping_status":"closed","sticky":false,"template":"","format":"standard","meta":{"om_disable_all_campaigns":false,"_jetpack_memberships_contains_paid_content":false,"footnotes":""},"categories":[101,2],"tags":[197,696,33,19],"class_list":["post-115858","post","type-post","status-publish","format-standard","has-post-thumbnail","hentry","category-interes-general-locales","category-locales","tag-buenos-aires","tag-interes-general","tag-locales","tag-san-pedro"],"aioseo_notices":[],"gutentor_comment":0,"jetpack_featured_media_url":"https:\/\/eldiariodesanpedro.com.ar\/sitio\/wp-content\/uploads\/2023\/03\/jjbb.jpg","jetpack_shortlink":"https:\/\/wp.me\/p6RhLt-u8G","jetpack_sharing_enabled":true,"_links":{"self":[{"href":"https:\/\/eldiariodesanpedro.com.ar\/sitio\/wp-json\/wp\/v2\/posts\/115858","targetHints":{"allow":["GET"]}}],"collection":[{"href":"https:\/\/eldiariodesanpedro.com.ar\/sitio\/wp-json\/wp\/v2\/posts"}],"about":[{"href":"https:\/\/eldiariodesanpedro.com.ar\/sitio\/wp-json\/wp\/v2\/types\/post"}],"author":[{"embeddable":true,"href":"https:\/\/eldiariodesanpedro.com.ar\/sitio\/wp-json\/wp\/v2\/users\/4"}],"replies":[{"embeddable":true,"href":"https:\/\/eldiariodesanpedro.com.ar\/sitio\/wp-json\/wp\/v2\/comments?post=115858"}],"version-history":[{"count":1,"href":"https:\/\/eldiariodesanpedro.com.ar\/sitio\/wp-json\/wp\/v2\/posts\/115858\/revisions"}],"predecessor-version":[{"id":115860,"href":"https:\/\/eldiariodesanpedro.com.ar\/sitio\/wp-json\/wp\/v2\/posts\/115858\/revisions\/115860"}],"wp:featuredmedia":[{"embeddable":true,"href":"https:\/\/eldiariodesanpedro.com.ar\/sitio\/wp-json\/wp\/v2\/media\/115859"}],"wp:attachment":[{"href":"https:\/\/eldiariodesanpedro.com.ar\/sitio\/wp-json\/wp\/v2\/media?parent=115858"}],"wp:term":[{"taxonomy":"category","embeddable":true,"href":"https:\/\/eldiariodesanpedro.com.ar\/sitio\/wp-json\/wp\/v2\/categories?post=115858"},{"taxonomy":"post_tag","embeddable":true,"href":"https:\/\/eldiariodesanpedro.com.ar\/sitio\/wp-json\/wp\/v2\/tags?post=115858"}],"curies":[{"name":"wp","href":"https:\/\/api.w.org\/{rel}","templated":true}]}}