{"id":115855,"date":"2023-03-13T12:19:52","date_gmt":"2023-03-13T15:19:52","guid":{"rendered":"https:\/\/eldiariodesanpedro.com.ar\/sitio\/?p=115855"},"modified":"2023-03-13T12:19:54","modified_gmt":"2023-03-13T15:19:54","slug":"desde-el-martes-comienza-el-museo-itinerante-de-fotografia-en-plaza-constitucion","status":"publish","type":"post","link":"https:\/\/eldiariodesanpedro.com.ar\/sitio\/desde-el-martes-comienza-el-museo-itinerante-de-fotografia-en-plaza-constitucion\/","title":{"rendered":"Desde el martes comienza el museo itinerante de fotograf\u00eda en Plaza Constituci\u00f3n"},"content":{"rendered":"<!-- VideographyWP Plugin Message: Automatic video embedding prevented by plugin options. -->\n\n<p>El primer museo de fotograf\u00eda itinerante de Argentina comienza su segunda temporada en la que se propone recorrer m\u00e1s de 30 ciudades de unas 10 provincias de nuestro pa\u00eds con la filosof\u00eda de \u00abacercar el arte a la gente\u201d y desde el martes 14 al domingo 19 de marzo el trailer cultural con acceso totalmente libre y gratuito se instalar\u00e1 en Plaza Constituci\u00f3n de 11 a 13 y de 16 a 20 hs. y el domingo 19 de 11 a 13 hs.<\/p>\n\n\n\n<p>El proyecto es una propuesta participativa y experimental, que adem\u00e1s de contar con una gran muestra de fotograf\u00eda argentina, los visitantes se encontrar\u00e1n con una muestra de artistas locales y con la posibilidad de disfrutar el proyecto de \u201cc\u00e1mara oscura\u201d y entender como es el fen\u00f3meno natural que dio inicio a la fotograf\u00eda.<\/p>\n\n\n\n<p>A su vez el trailer contar\u00e1 con una muestra de fotograf\u00eda y realidad aumentada desarrollada especialmente por los artistas Gian Paolo Minelli y Rafael Parra Toro que trabajaron en conjunto con la curadora Agustina Rinaldi.<\/p>\n","protected":false},"excerpt":{"rendered":"<p>El primer museo de fotograf\u00eda itinerante de Argentina comienza su segunda temporada en la que se propone recorrer m\u00e1s de 30 ciudades de unas 10 provincias de nuestro pa\u00eds con la filosof\u00eda de \u00abacercar el arte a la gente\u201d y desde el martes 14 al domingo 19 de marzo el trailer cultural con acceso totalmente [&hellip;]<\/p>\n","protected":false},"author":4,"featured_media":115856,"comment_status":"closed","ping_status":"closed","sticky":false,"template":"","format":"standard","meta":{"om_disable_all_campaigns":false,"_jetpack_memberships_contains_paid_content":false,"footnotes":""},"categories":[50,101,2],"tags":[197,696,33,19],"class_list":["post-115855","post","type-post","status-publish","format-standard","has-post-thumbnail","hentry","category-destacadas","category-interes-general-locales","category-locales","tag-buenos-aires","tag-interes-general","tag-locales","tag-san-pedro"],"aioseo_notices":[],"gutentor_comment":0,"jetpack_featured_media_url":"https:\/\/eldiariodesanpedro.com.ar\/sitio\/wp-content\/uploads\/2023\/03\/WhatsApp-Image-2023-03-13-at-09.06.07.jpeg","jetpack_shortlink":"https:\/\/wp.me\/p6RhLt-u8D","jetpack_sharing_enabled":true,"_links":{"self":[{"href":"https:\/\/eldiariodesanpedro.com.ar\/sitio\/wp-json\/wp\/v2\/posts\/115855","targetHints":{"allow":["GET"]}}],"collection":[{"href":"https:\/\/eldiariodesanpedro.com.ar\/sitio\/wp-json\/wp\/v2\/posts"}],"about":[{"href":"https:\/\/eldiariodesanpedro.com.ar\/sitio\/wp-json\/wp\/v2\/types\/post"}],"author":[{"embeddable":true,"href":"https:\/\/eldiariodesanpedro.com.ar\/sitio\/wp-json\/wp\/v2\/users\/4"}],"replies":[{"embeddable":true,"href":"https:\/\/eldiariodesanpedro.com.ar\/sitio\/wp-json\/wp\/v2\/comments?post=115855"}],"version-history":[{"count":1,"href":"https:\/\/eldiariodesanpedro.com.ar\/sitio\/wp-json\/wp\/v2\/posts\/115855\/revisions"}],"predecessor-version":[{"id":115857,"href":"https:\/\/eldiariodesanpedro.com.ar\/sitio\/wp-json\/wp\/v2\/posts\/115855\/revisions\/115857"}],"wp:featuredmedia":[{"embeddable":true,"href":"https:\/\/eldiariodesanpedro.com.ar\/sitio\/wp-json\/wp\/v2\/media\/115856"}],"wp:attachment":[{"href":"https:\/\/eldiariodesanpedro.com.ar\/sitio\/wp-json\/wp\/v2\/media?parent=115855"}],"wp:term":[{"taxonomy":"category","embeddable":true,"href":"https:\/\/eldiariodesanpedro.com.ar\/sitio\/wp-json\/wp\/v2\/categories?post=115855"},{"taxonomy":"post_tag","embeddable":true,"href":"https:\/\/eldiariodesanpedro.com.ar\/sitio\/wp-json\/wp\/v2\/tags?post=115855"}],"curies":[{"name":"wp","href":"https:\/\/api.w.org\/{rel}","templated":true}]}}