{"id":115852,"date":"2023-03-13T12:08:39","date_gmt":"2023-03-13T15:08:39","guid":{"rendered":"https:\/\/eldiariodesanpedro.com.ar\/sitio\/?p=115852"},"modified":"2023-03-13T12:08:41","modified_gmt":"2023-03-13T15:08:41","slug":"continua-la-ola-de-calor-y-las-lluvia-llegarian-el-proximo-miercoles-jueves-y-viernes","status":"publish","type":"post","link":"https:\/\/eldiariodesanpedro.com.ar\/sitio\/continua-la-ola-de-calor-y-las-lluvia-llegarian-el-proximo-miercoles-jueves-y-viernes\/","title":{"rendered":"Continua la ola de calor y las lluvia llegar\u00edan el pr\u00f3ximo mi\u00e9rcoles, jueves y viernes"},"content":{"rendered":"<!-- VideographyWP Plugin Message: Automatic video embedding prevented by plugin options. -->\n\n<p>Despu\u00e9s de un fin de semana con temperaturas extremas, este lunes se esperan m\u00e1ximas en torno a los 36 grados.<\/p>\n\n\n\n<p>A una semana para el arranque del oto\u00f1o, este lunes se espera otra jornada de calor agobiante en San Pedro y la zona\u00a0con temperaturas\u00a0<strong>m\u00e1ximas que estar\u00e1n en tono a los 36 grados.<\/strong><\/p>\n\n\n\n<p>De acuerdo al pron\u00f3stico del Servicio Meterol\u00f3gico Nacional (SMN) para este lunes se prev\u00e9 cielo algo a parcialmente nublado, una temperatura estimada en 27 grados de m\u00ednima y 36 de m\u00e1xima, y viento del norte rotando al noreste.\u00a0<\/p>\n\n\n\n<p>Frente a esta condici\u00f3n clim\u00e1tica, el organismo meteorol\u00f3gico\u00a0<strong>mantiene la alerta roja<\/strong>\u00a0por calor para la zona, lo que significa que las temperaturas pueden ser \u00abmuy peligrosas\u00bb y \u00abpueden afectar a todas las personas, incluso a las saludables\u00bb.<\/p>\n\n\n\n<p>En tanto, para este martes se esperan condiciones similares a las de este lunes: una jornada con cielo parcialmente nublado, con probabilidad de chaparrones por la tarde, y se mantendr\u00e1n las temperaturas en 27 grados de m\u00ednima y 36 grados de m\u00e1xima.<\/p>\n\n\n\n<h2 class=\"wp-block-heading\">El alivio tan esperado&nbsp;<\/h2>\n\n\n\n<p>El mi\u00e9rcoles llegar\u00e1n finalmente las tormentas, de acuerdo a lo previsto por el SMN, y la temperatura descender\u00e1 a 25 grados m\u00ednima y 32 de m\u00e1xima.<\/p>\n\n\n\n<p>El jueves y viernes seguir\u00e1n las lluvias y se esperan m\u00ednimas en torno a los 23 y 24 grados y m\u00e1ximas que llegar\u00e1n a los 30 grados.<\/p>\n\n\n\n<p>El verdadero alivio llegar\u00e1 el s\u00e1bado cuando se vayan las lluvias. Se prev\u00e9 que ese d\u00eda&nbsp;las m\u00ednimas no superen&nbsp;los 20 grados y las&nbsp;m\u00e1ximas est\u00e9s en 26 grados.&nbsp;<\/p>\n","protected":false},"excerpt":{"rendered":"<p>Despu\u00e9s de un fin de semana con temperaturas extremas, este lunes se esperan m\u00e1ximas en torno a los 36 grados. A una semana para el arranque del oto\u00f1o, este lunes se espera otra jornada de calor agobiante en San Pedro y la zona\u00a0con temperaturas\u00a0m\u00e1ximas que estar\u00e1n en tono a los 36 grados. De acuerdo al [&hellip;]<\/p>\n","protected":false},"author":4,"featured_media":115853,"comment_status":"closed","ping_status":"closed","sticky":false,"template":"","format":"standard","meta":{"om_disable_all_campaigns":false,"_jetpack_memberships_contains_paid_content":false,"footnotes":""},"categories":[50,101,2],"tags":[197,696,33,19],"class_list":["post-115852","post","type-post","status-publish","format-standard","has-post-thumbnail","hentry","category-destacadas","category-interes-general-locales","category-locales","tag-buenos-aires","tag-interes-general","tag-locales","tag-san-pedro"],"aioseo_notices":[],"gutentor_comment":0,"jetpack_featured_media_url":"https:\/\/eldiariodesanpedro.com.ar\/sitio\/wp-content\/uploads\/2023\/03\/medida-13.jpg","jetpack_shortlink":"https:\/\/wp.me\/p6RhLt-u8A","jetpack_sharing_enabled":true,"_links":{"self":[{"href":"https:\/\/eldiariodesanpedro.com.ar\/sitio\/wp-json\/wp\/v2\/posts\/115852","targetHints":{"allow":["GET"]}}],"collection":[{"href":"https:\/\/eldiariodesanpedro.com.ar\/sitio\/wp-json\/wp\/v2\/posts"}],"about":[{"href":"https:\/\/eldiariodesanpedro.com.ar\/sitio\/wp-json\/wp\/v2\/types\/post"}],"author":[{"embeddable":true,"href":"https:\/\/eldiariodesanpedro.com.ar\/sitio\/wp-json\/wp\/v2\/users\/4"}],"replies":[{"embeddable":true,"href":"https:\/\/eldiariodesanpedro.com.ar\/sitio\/wp-json\/wp\/v2\/comments?post=115852"}],"version-history":[{"count":1,"href":"https:\/\/eldiariodesanpedro.com.ar\/sitio\/wp-json\/wp\/v2\/posts\/115852\/revisions"}],"predecessor-version":[{"id":115854,"href":"https:\/\/eldiariodesanpedro.com.ar\/sitio\/wp-json\/wp\/v2\/posts\/115852\/revisions\/115854"}],"wp:featuredmedia":[{"embeddable":true,"href":"https:\/\/eldiariodesanpedro.com.ar\/sitio\/wp-json\/wp\/v2\/media\/115853"}],"wp:attachment":[{"href":"https:\/\/eldiariodesanpedro.com.ar\/sitio\/wp-json\/wp\/v2\/media?parent=115852"}],"wp:term":[{"taxonomy":"category","embeddable":true,"href":"https:\/\/eldiariodesanpedro.com.ar\/sitio\/wp-json\/wp\/v2\/categories?post=115852"},{"taxonomy":"post_tag","embeddable":true,"href":"https:\/\/eldiariodesanpedro.com.ar\/sitio\/wp-json\/wp\/v2\/tags?post=115852"}],"curies":[{"name":"wp","href":"https:\/\/api.w.org\/{rel}","templated":true}]}}