{"id":115839,"date":"2023-03-13T11:48:58","date_gmt":"2023-03-13T14:48:58","guid":{"rendered":"https:\/\/eldiariodesanpedro.com.ar\/sitio\/?p=115839"},"modified":"2023-03-13T11:49:00","modified_gmt":"2023-03-13T14:49:00","slug":"los-incendios-en-zona-de-islas-continuaron-durante-todo-el-fin-de-semana","status":"publish","type":"post","link":"https:\/\/eldiariodesanpedro.com.ar\/sitio\/los-incendios-en-zona-de-islas-continuaron-durante-todo-el-fin-de-semana\/","title":{"rendered":"Los incendios en zona de Islas continuaron durante todo el fin de semana"},"content":{"rendered":"<!-- VideographyWP Plugin Message: Automatic video embedding prevented by plugin options. -->\n\n<p>Las autoridades operativas de la Provincia de Entre R\u00edos presentes en el comando de San Pedro informan que al d\u00eda de la fecha los incendios en zona de Islas se encuentran contenidos.<\/p>\n\n\n\n<p>Tanto el incendio denominado \u201cEl Bronce\u201d que se encuentra ubicado frente a Vuelta de Obligado, c\u00f3mo \u201cEl Desacatado I\u201d frente a Baradero est\u00e1n con actividad interna, es decir que est\u00e1n quemando dentro de los per\u00edmetros y en su gran mayor\u00eda est\u00e1 quemando turba por lo que se genera gran cantidad de humo sin llama. Desde el comando se pronostica que dicha actividad contin\u00fae emanando humo pero sin riesgos de descontrol en ambos incendios.<\/p>\n\n\n\n<p>Se encuentran trabajando brigadistas de Bomberos de la Polic\u00eda de Entre R\u00edos, Bomberos Voluntarios Entre R\u00edos y Bomberos de brigada de Medio Ambiente de Entre R\u00edos con un total de 20 efectivos en campo con el apoyo por medios a\u00e9reos de Naci\u00f3n y la log\u00edstica brindada por Defensa Civil de la Municipalidad de San Pedro.<\/p>\n\n\n\n<p>Las tareas de los combatientes en estos d\u00edas son de vital importancia ya que se est\u00e1n encargados de asegurar la circunferencia del incendio para enfriar la zona con ayuda de un helic\u00f3ptero con Bambi con capacidad para mil litros de agua.<\/p>\n\n\n\n<p>Los trabajos se desarrollan con base operativa en el aeroclub San Pedro y tras una primera instancia de resguardo en las zonas de viviendas, colmenas e instalaciones rurales se informa que se encuentran sin riesgos de da\u00f1os.<\/p>\n\n\n\n<figure class=\"wp-block-image size-large\"><img decoding=\"async\" width=\"1024\" height=\"576\" data-attachment-id=\"115840\" data-permalink=\"https:\/\/eldiariodesanpedro.com.ar\/sitio\/los-incendios-en-zona-de-islas-continuaron-durante-todo-el-fin-de-semana\/whatsapp-image-2023-03-11-at-20-25-17\/\" data-orig-file=\"https:\/\/eldiariodesanpedro.com.ar\/sitio\/wp-content\/uploads\/2023\/03\/WhatsApp-Image-2023-03-11-at-20.25.17.jpeg\" data-orig-size=\"1120,630\" data-comments-opened=\"0\" data-image-meta=\"{&quot;aperture&quot;:&quot;0&quot;,&quot;credit&quot;:&quot;&quot;,&quot;camera&quot;:&quot;&quot;,&quot;caption&quot;:&quot;&quot;,&quot;created_timestamp&quot;:&quot;0&quot;,&quot;copyright&quot;:&quot;&quot;,&quot;focal_length&quot;:&quot;0&quot;,&quot;iso&quot;:&quot;0&quot;,&quot;shutter_speed&quot;:&quot;0&quot;,&quot;title&quot;:&quot;&quot;,&quot;orientation&quot;:&quot;0&quot;}\" data-image-title=\"WhatsApp Image 2023-03-11 at 20.25.17\" data-image-description=\"\" data-image-caption=\"\" data-large-file=\"https:\/\/eldiariodesanpedro.com.ar\/sitio\/wp-content\/uploads\/2023\/03\/WhatsApp-Image-2023-03-11-at-20.25.17-1024x576.jpeg\" data-src=\"https:\/\/eldiariodesanpedro.com.ar\/sitio\/wp-content\/uploads\/2023\/03\/WhatsApp-Image-2023-03-11-at-20.25.17-1024x576.jpeg\" alt=\"\" class=\"wp-image-115840 lazyload\" data-srcset=\"https:\/\/eldiariodesanpedro.com.ar\/sitio\/wp-content\/uploads\/2023\/03\/WhatsApp-Image-2023-03-11-at-20.25.17-1024x576.jpeg 1024w, https:\/\/eldiariodesanpedro.com.ar\/sitio\/wp-content\/uploads\/2023\/03\/WhatsApp-Image-2023-03-11-at-20.25.17-300x169.jpeg 300w, https:\/\/eldiariodesanpedro.com.ar\/sitio\/wp-content\/uploads\/2023\/03\/WhatsApp-Image-2023-03-11-at-20.25.17-768x432.jpeg 768w, https:\/\/eldiariodesanpedro.com.ar\/sitio\/wp-content\/uploads\/2023\/03\/WhatsApp-Image-2023-03-11-at-20.25.17.jpeg 1120w\" data-sizes=\"(max-width: 1024px) 100vw, 1024px\" src=\"data:image\/svg+xml;base64,PHN2ZyB3aWR0aD0iMSIgaGVpZ2h0PSIxIiB4bWxucz0iaHR0cDovL3d3dy53My5vcmcvMjAwMC9zdmciPjwvc3ZnPg==\" style=\"--smush-placeholder-width: 1024px; --smush-placeholder-aspect-ratio: 1024\/576;\" \/><\/figure>\n\n\n\n<figure class=\"wp-block-image size-large\"><img decoding=\"async\" width=\"1024\" height=\"576\" data-attachment-id=\"115842\" data-permalink=\"https:\/\/eldiariodesanpedro.com.ar\/sitio\/los-incendios-en-zona-de-islas-continuaron-durante-todo-el-fin-de-semana\/whatsapp-image-2023-03-11-at-20-25-18\/\" data-orig-file=\"https:\/\/eldiariodesanpedro.com.ar\/sitio\/wp-content\/uploads\/2023\/03\/WhatsApp-Image-2023-03-11-at-20.25.18.jpeg\" data-orig-size=\"1120,630\" data-comments-opened=\"0\" data-image-meta=\"{&quot;aperture&quot;:&quot;0&quot;,&quot;credit&quot;:&quot;&quot;,&quot;camera&quot;:&quot;&quot;,&quot;caption&quot;:&quot;&quot;,&quot;created_timestamp&quot;:&quot;0&quot;,&quot;copyright&quot;:&quot;&quot;,&quot;focal_length&quot;:&quot;0&quot;,&quot;iso&quot;:&quot;0&quot;,&quot;shutter_speed&quot;:&quot;0&quot;,&quot;title&quot;:&quot;&quot;,&quot;orientation&quot;:&quot;0&quot;}\" data-image-title=\"WhatsApp Image 2023-03-11 at 20.25.18\" data-image-description=\"\" data-image-caption=\"\" data-large-file=\"https:\/\/eldiariodesanpedro.com.ar\/sitio\/wp-content\/uploads\/2023\/03\/WhatsApp-Image-2023-03-11-at-20.25.18-1024x576.jpeg\" data-src=\"https:\/\/eldiariodesanpedro.com.ar\/sitio\/wp-content\/uploads\/2023\/03\/WhatsApp-Image-2023-03-11-at-20.25.18-1024x576.jpeg\" alt=\"\" class=\"wp-image-115842 lazyload\" data-srcset=\"https:\/\/eldiariodesanpedro.com.ar\/sitio\/wp-content\/uploads\/2023\/03\/WhatsApp-Image-2023-03-11-at-20.25.18-1024x576.jpeg 1024w, https:\/\/eldiariodesanpedro.com.ar\/sitio\/wp-content\/uploads\/2023\/03\/WhatsApp-Image-2023-03-11-at-20.25.18-300x169.jpeg 300w, https:\/\/eldiariodesanpedro.com.ar\/sitio\/wp-content\/uploads\/2023\/03\/WhatsApp-Image-2023-03-11-at-20.25.18-768x432.jpeg 768w, https:\/\/eldiariodesanpedro.com.ar\/sitio\/wp-content\/uploads\/2023\/03\/WhatsApp-Image-2023-03-11-at-20.25.18.jpeg 1120w\" data-sizes=\"(max-width: 1024px) 100vw, 1024px\" src=\"data:image\/svg+xml;base64,PHN2ZyB3aWR0aD0iMSIgaGVpZ2h0PSIxIiB4bWxucz0iaHR0cDovL3d3dy53My5vcmcvMjAwMC9zdmciPjwvc3ZnPg==\" style=\"--smush-placeholder-width: 1024px; --smush-placeholder-aspect-ratio: 1024\/576;\" \/><\/figure>\n","protected":false},"excerpt":{"rendered":"<p>Las autoridades operativas de la Provincia de Entre R\u00edos presentes en el comando de San Pedro informan que al d\u00eda de la fecha los incendios en zona de Islas se encuentran contenidos. Tanto el incendio denominado \u201cEl Bronce\u201d que se encuentra ubicado frente a Vuelta de Obligado, c\u00f3mo \u201cEl Desacatado I\u201d frente a Baradero est\u00e1n [&hellip;]<\/p>\n","protected":false},"author":4,"featured_media":115841,"comment_status":"closed","ping_status":"closed","sticky":false,"template":"","format":"standard","meta":{"om_disable_all_campaigns":false,"_jetpack_memberships_contains_paid_content":false,"footnotes":""},"categories":[101,2],"tags":[197,696,33,19],"class_list":["post-115839","post","type-post","status-publish","format-standard","has-post-thumbnail","hentry","category-interes-general-locales","category-locales","tag-buenos-aires","tag-interes-general","tag-locales","tag-san-pedro"],"aioseo_notices":[],"gutentor_comment":0,"jetpack_featured_media_url":"https:\/\/eldiariodesanpedro.com.ar\/sitio\/wp-content\/uploads\/2023\/03\/WhatsApp-Image-2023-03-11-at-20.25.18-1.jpeg","jetpack_shortlink":"https:\/\/wp.me\/p6RhLt-u8n","jetpack_sharing_enabled":true,"_links":{"self":[{"href":"https:\/\/eldiariodesanpedro.com.ar\/sitio\/wp-json\/wp\/v2\/posts\/115839","targetHints":{"allow":["GET"]}}],"collection":[{"href":"https:\/\/eldiariodesanpedro.com.ar\/sitio\/wp-json\/wp\/v2\/posts"}],"about":[{"href":"https:\/\/eldiariodesanpedro.com.ar\/sitio\/wp-json\/wp\/v2\/types\/post"}],"author":[{"embeddable":true,"href":"https:\/\/eldiariodesanpedro.com.ar\/sitio\/wp-json\/wp\/v2\/users\/4"}],"replies":[{"embeddable":true,"href":"https:\/\/eldiariodesanpedro.com.ar\/sitio\/wp-json\/wp\/v2\/comments?post=115839"}],"version-history":[{"count":1,"href":"https:\/\/eldiariodesanpedro.com.ar\/sitio\/wp-json\/wp\/v2\/posts\/115839\/revisions"}],"predecessor-version":[{"id":115843,"href":"https:\/\/eldiariodesanpedro.com.ar\/sitio\/wp-json\/wp\/v2\/posts\/115839\/revisions\/115843"}],"wp:featuredmedia":[{"embeddable":true,"href":"https:\/\/eldiariodesanpedro.com.ar\/sitio\/wp-json\/wp\/v2\/media\/115841"}],"wp:attachment":[{"href":"https:\/\/eldiariodesanpedro.com.ar\/sitio\/wp-json\/wp\/v2\/media?parent=115839"}],"wp:term":[{"taxonomy":"category","embeddable":true,"href":"https:\/\/eldiariodesanpedro.com.ar\/sitio\/wp-json\/wp\/v2\/categories?post=115839"},{"taxonomy":"post_tag","embeddable":true,"href":"https:\/\/eldiariodesanpedro.com.ar\/sitio\/wp-json\/wp\/v2\/tags?post=115839"}],"curies":[{"name":"wp","href":"https:\/\/api.w.org\/{rel}","templated":true}]}}