{"id":115822,"date":"2023-03-10T21:35:10","date_gmt":"2023-03-11T00:35:10","guid":{"rendered":"https:\/\/eldiariodesanpedro.com.ar\/sitio\/?p=115822"},"modified":"2023-03-10T21:35:22","modified_gmt":"2023-03-11T00:35:22","slug":"edicto-de-chediak-diego-carlos-c-garcia-y-corti-jose-francisco-eduardo-s-prescripcion-adquisitiva-larga","status":"publish","type":"post","link":"https:\/\/eldiariodesanpedro.com.ar\/sitio\/edicto-de-chediak-diego-carlos-c-garcia-y-corti-jose-francisco-eduardo-s-prescripcion-adquisitiva-larga\/","title":{"rendered":"Edicto de Chediak Diego Carlos C\/ Garcia Y Corti Jose Francisco Eduardo S\/ Prescripcion Adquisitiva Larga"},"content":{"rendered":"<!-- VideographyWP Plugin Message: Automatic video embedding prevented by plugin options. -->\n\n<p>El Juzgado de Primera Instancia Civil y Comercial N\u00ba 1, del Departamento Judicial San Nicol\u00e1s, en autos caratulados \u201c<strong>Chediak Diego Carlos C\/ Garcia Y Corti Jose Francisco Eduardo S\/ Prescripcion Adquisitiva Larga<\/strong>\u201d Expte. N\u00ba SN-1862-2018, cita y emplaza a los herederos y\/o acreedores del Sr. Jos\u00e9 Francisco Eduardo Garcia y Corti (DNI 0.651.954) y\/o a todos aquellos que se consideren con derecho al bien inmueble cuya Nomenclatura Catastral es: Circunscripci\u00f3n:1; Secci\u00f3n: B; Manzana: 152; Parcela 15; Partida Inmobiliaria 099-3060, sito en calle 25 de Mayo N\u00ba 658 de San Pedro(B), para que en el t\u00e9rmino de diez d\u00edas contesten la demanda y comparezcan a estar a derecho, bajo apercibimiento de nombr\u00e1rsele al defensor de Pobres y Ausentes para que los represente y defienda.- San Nicol\u00e1s, 9 de Marzo de 2023.&#8211;<br>(Publicaci\u00f3n V\u00e1lida por los d\u00edas 10 y 11 de marzo de 2023)<\/p>\n","protected":false},"excerpt":{"rendered":"<p>El Juzgado de Primera Instancia Civil y Comercial N\u00ba 1, del Departamento Judicial San Nicol\u00e1s, en autos caratulados \u201cChediak Diego Carlos C\/ Garcia Y Corti Jose Francisco Eduardo S\/ Prescripcion Adquisitiva Larga\u201d Expte. N\u00ba SN-1862-2018, cita y emplaza a los herederos y\/o acreedores del Sr. Jos\u00e9 Francisco Eduardo Garcia y Corti (DNI 0.651.954) y\/o a [&hellip;]<\/p>\n","protected":false},"author":4,"featured_media":102746,"comment_status":"closed","ping_status":"closed","sticky":false,"template":"","format":"standard","meta":{"om_disable_all_campaigns":false,"_jetpack_memberships_contains_paid_content":false,"footnotes":""},"categories":[676,1124],"tags":[197,3423,1355,19],"class_list":["post-115822","post","type-post","status-publish","format-standard","has-post-thumbnail","hentry","category-edictos","category-edictos-especiales","tag-buenos-aires","tag-edicto-de-chediak-diego-carlos-c-garcia-y-corti-jose-francisco-eduardo-s-prescripcion-adquisitiva-larga","tag-judiciales","tag-san-pedro"],"aioseo_notices":[],"gutentor_comment":0,"jetpack_featured_media_url":"https:\/\/eldiariodesanpedro.com.ar\/sitio\/wp-content\/uploads\/2022\/01\/EDICTO.jpg","jetpack_shortlink":"https:\/\/wp.me\/p6RhLt-u86","jetpack_sharing_enabled":true,"_links":{"self":[{"href":"https:\/\/eldiariodesanpedro.com.ar\/sitio\/wp-json\/wp\/v2\/posts\/115822","targetHints":{"allow":["GET"]}}],"collection":[{"href":"https:\/\/eldiariodesanpedro.com.ar\/sitio\/wp-json\/wp\/v2\/posts"}],"about":[{"href":"https:\/\/eldiariodesanpedro.com.ar\/sitio\/wp-json\/wp\/v2\/types\/post"}],"author":[{"embeddable":true,"href":"https:\/\/eldiariodesanpedro.com.ar\/sitio\/wp-json\/wp\/v2\/users\/4"}],"replies":[{"embeddable":true,"href":"https:\/\/eldiariodesanpedro.com.ar\/sitio\/wp-json\/wp\/v2\/comments?post=115822"}],"version-history":[{"count":2,"href":"https:\/\/eldiariodesanpedro.com.ar\/sitio\/wp-json\/wp\/v2\/posts\/115822\/revisions"}],"predecessor-version":[{"id":115824,"href":"https:\/\/eldiariodesanpedro.com.ar\/sitio\/wp-json\/wp\/v2\/posts\/115822\/revisions\/115824"}],"wp:featuredmedia":[{"embeddable":true,"href":"https:\/\/eldiariodesanpedro.com.ar\/sitio\/wp-json\/wp\/v2\/media\/102746"}],"wp:attachment":[{"href":"https:\/\/eldiariodesanpedro.com.ar\/sitio\/wp-json\/wp\/v2\/media?parent=115822"}],"wp:term":[{"taxonomy":"category","embeddable":true,"href":"https:\/\/eldiariodesanpedro.com.ar\/sitio\/wp-json\/wp\/v2\/categories?post=115822"},{"taxonomy":"post_tag","embeddable":true,"href":"https:\/\/eldiariodesanpedro.com.ar\/sitio\/wp-json\/wp\/v2\/tags?post=115822"}],"curies":[{"name":"wp","href":"https:\/\/api.w.org\/{rel}","templated":true}]}}