{"id":115820,"date":"2023-03-10T21:29:55","date_gmt":"2023-03-11T00:29:55","guid":{"rendered":"https:\/\/eldiariodesanpedro.com.ar\/sitio\/?p=115820"},"modified":"2023-03-10T21:29:57","modified_gmt":"2023-03-11T00:29:57","slug":"edicto-de-sucesion-de-sayal-miguel-angel","status":"publish","type":"post","link":"https:\/\/eldiariodesanpedro.com.ar\/sitio\/edicto-de-sucesion-de-sayal-miguel-angel\/","title":{"rendered":"Edicto de Sucesi\u00f3n de Sayal, Miguel Angel"},"content":{"rendered":"<!-- VideographyWP Plugin Message: Automatic video embedding prevented by plugin options. -->\n\n<p>El Juzgado Civil y Comercial Nro. 2 de San Nicol\u00e1s (B), cita y emplaza a herederos y acreedores de <strong>Sayal, Miguel Angel<\/strong> para que en el t\u00e9rmino de treinta d\u00edas lo acrediten.<\/p>\n\n\n\n<p>COLOMBO MARCELO<br>AUXILIAR LETRADO<\/p>\n\n\n\n<p>(Publicaci\u00f3n V\u00e1lida por los d\u00edas 10, 11 y 12 de marzo de 2023)<br><a href=\"https:\/\/notificaciones.scba.gov.ar\/verificarnotificacion.aspx?codNotif=w9nk0j\">https:\/\/notificaciones.scba.gov.ar\/verificarnotificacion.aspx?codNotif=w9nk0j<\/a>&nbsp;<\/p>\n","protected":false},"excerpt":{"rendered":"<p>El Juzgado Civil y Comercial Nro. 2 de San Nicol\u00e1s (B), cita y emplaza a herederos y acreedores de Sayal, Miguel Angel para que en el t\u00e9rmino de treinta d\u00edas lo acrediten. COLOMBO MARCELOAUXILIAR LETRADO (Publicaci\u00f3n V\u00e1lida por los d\u00edas 10, 11 y 12 de marzo de 2023)https:\/\/notificaciones.scba.gov.ar\/verificarnotificacion.aspx?codNotif=w9nk0j&nbsp;<\/p>\n","protected":false},"author":4,"featured_media":102746,"comment_status":"closed","ping_status":"closed","sticky":false,"template":"","format":"standard","meta":{"om_disable_all_campaigns":false,"_jetpack_memberships_contains_paid_content":false,"footnotes":""},"categories":[676,677],"tags":[197,3421,1355,33,3422,1122],"class_list":["post-115820","post","type-post","status-publish","format-standard","has-post-thumbnail","hentry","category-edictos","category-edictos-sucesorios","tag-buenos-aires","tag-edicto-de-sucesion-de-sayal","tag-judiciales","tag-locales","tag-miguel-angel","tag-sucesion"],"aioseo_notices":[],"gutentor_comment":0,"jetpack_featured_media_url":"https:\/\/eldiariodesanpedro.com.ar\/sitio\/wp-content\/uploads\/2022\/01\/EDICTO.jpg","jetpack_shortlink":"https:\/\/wp.me\/p6RhLt-u84","jetpack_sharing_enabled":true,"_links":{"self":[{"href":"https:\/\/eldiariodesanpedro.com.ar\/sitio\/wp-json\/wp\/v2\/posts\/115820","targetHints":{"allow":["GET"]}}],"collection":[{"href":"https:\/\/eldiariodesanpedro.com.ar\/sitio\/wp-json\/wp\/v2\/posts"}],"about":[{"href":"https:\/\/eldiariodesanpedro.com.ar\/sitio\/wp-json\/wp\/v2\/types\/post"}],"author":[{"embeddable":true,"href":"https:\/\/eldiariodesanpedro.com.ar\/sitio\/wp-json\/wp\/v2\/users\/4"}],"replies":[{"embeddable":true,"href":"https:\/\/eldiariodesanpedro.com.ar\/sitio\/wp-json\/wp\/v2\/comments?post=115820"}],"version-history":[{"count":1,"href":"https:\/\/eldiariodesanpedro.com.ar\/sitio\/wp-json\/wp\/v2\/posts\/115820\/revisions"}],"predecessor-version":[{"id":115821,"href":"https:\/\/eldiariodesanpedro.com.ar\/sitio\/wp-json\/wp\/v2\/posts\/115820\/revisions\/115821"}],"wp:featuredmedia":[{"embeddable":true,"href":"https:\/\/eldiariodesanpedro.com.ar\/sitio\/wp-json\/wp\/v2\/media\/102746"}],"wp:attachment":[{"href":"https:\/\/eldiariodesanpedro.com.ar\/sitio\/wp-json\/wp\/v2\/media?parent=115820"}],"wp:term":[{"taxonomy":"category","embeddable":true,"href":"https:\/\/eldiariodesanpedro.com.ar\/sitio\/wp-json\/wp\/v2\/categories?post=115820"},{"taxonomy":"post_tag","embeddable":true,"href":"https:\/\/eldiariodesanpedro.com.ar\/sitio\/wp-json\/wp\/v2\/tags?post=115820"}],"curies":[{"name":"wp","href":"https:\/\/api.w.org\/{rel}","templated":true}]}}