{"id":115813,"date":"2023-03-10T21:22:43","date_gmt":"2023-03-11T00:22:43","guid":{"rendered":"https:\/\/eldiariodesanpedro.com.ar\/sitio\/?p=115813"},"modified":"2023-03-10T21:22:45","modified_gmt":"2023-03-11T00:22:45","slug":"comienza-a-funcionar-una-nueva-terminal-de-omnibus-para-san-pedro","status":"publish","type":"post","link":"https:\/\/eldiariodesanpedro.com.ar\/sitio\/comienza-a-funcionar-una-nueva-terminal-de-omnibus-para-san-pedro\/","title":{"rendered":"Comienza a funcionar una nueva Terminal de \u00d3mnibus para San Pedro"},"content":{"rendered":"<!-- VideographyWP Plugin Message: Automatic video embedding prevented by plugin options. -->\n\n<p>Qued\u00f3 oficialmente inaugurada en la tarde de este viernes la Nueva Terminal de San Pedro, construida con la inversi\u00f3n de empresarios chinos y argentinos, enmarcada en un proyecto que fue presentado desde el gobierno municipal.<\/p>\n\n\n\n<p>En el edificio de Avenida 11 de Septiembre y Lucio Mansilla, participaron del acto inaugural el Ministro de Transporte de la Naci\u00f3n, Diego Giuliano; el Intendente Municipal, Ram\u00f3n Salazar; el Intendente en uso de licencia, miembro del Directorio de Trenes Argentinos Cargas, Cecilio Salazar; el titular de la CNRT, Jos\u00e9 Arteaga; el Presidente y miembro del Consejo Directivo de la C\u00e1mara Inmobiliaria Argentina, Alejandro Juan Bennazar y los empresarios de capitales Chinos asociados al empresario y desarrollador local Alejandro Bennazar.<\/p>\n\n\n\n<p>En primer t\u00e9rmino se realiz\u00f3 un corte simb\u00f3lico de cintas en la oficina de la Comisi\u00f3n Nacional de Regulaci\u00f3n del Transporte y posteriormente, en la explanada del edificio sobre la Av. Lucio Mansilla se realiz\u00f3 la inauguraci\u00f3n oficial de la Nueva Terminal de \u00d3mnibus de San Pedro que cuenta con un edificio de dos plantas, ocho d\u00e1rsenas, oficinas de administraci\u00f3n, gerencia, boleter\u00edas, amplios espacios para sala de espera, puntos de atenci\u00f3n al p\u00fablico de empresas de transporte y encomiendas, cafeter\u00eda y estacionamiento.<\/p>\n\n\n\n<p>Adem\u00e1s, est\u00e1 proyectada para que en la planta alta funcionen oficinas que podr\u00edan ser alquiladas por empresarios que deseen efectuar eventos, reuniones o actividades diversas, contando con todos los recursos tecnol\u00f3gicos.<\/p>\n\n\n\n<figure class=\"wp-block-image size-full\"><img decoding=\"async\" width=\"946\" height=\"630\" data-attachment-id=\"115814\" data-permalink=\"https:\/\/eldiariodesanpedro.com.ar\/sitio\/comienza-a-funcionar-una-nueva-terminal-de-omnibus-para-san-pedro\/whatsapp-image-2023-03-10-at-20-24-05\/\" data-orig-file=\"https:\/\/eldiariodesanpedro.com.ar\/sitio\/wp-content\/uploads\/2023\/03\/WhatsApp-Image-2023-03-10-at-20.24.05.jpeg\" data-orig-size=\"946,630\" data-comments-opened=\"0\" data-image-meta=\"{&quot;aperture&quot;:&quot;0&quot;,&quot;credit&quot;:&quot;&quot;,&quot;camera&quot;:&quot;&quot;,&quot;caption&quot;:&quot;&quot;,&quot;created_timestamp&quot;:&quot;0&quot;,&quot;copyright&quot;:&quot;&quot;,&quot;focal_length&quot;:&quot;0&quot;,&quot;iso&quot;:&quot;0&quot;,&quot;shutter_speed&quot;:&quot;0&quot;,&quot;title&quot;:&quot;&quot;,&quot;orientation&quot;:&quot;0&quot;}\" data-image-title=\"WhatsApp Image 2023-03-10 at 20.24.05\" data-image-description=\"\" data-image-caption=\"\" data-large-file=\"https:\/\/eldiariodesanpedro.com.ar\/sitio\/wp-content\/uploads\/2023\/03\/WhatsApp-Image-2023-03-10-at-20.24.05.jpeg\" data-src=\"https:\/\/eldiariodesanpedro.com.ar\/sitio\/wp-content\/uploads\/2023\/03\/WhatsApp-Image-2023-03-10-at-20.24.05.jpeg\" alt=\"\" class=\"wp-image-115814 lazyload\" data-srcset=\"https:\/\/eldiariodesanpedro.com.ar\/sitio\/wp-content\/uploads\/2023\/03\/WhatsApp-Image-2023-03-10-at-20.24.05.jpeg 946w, https:\/\/eldiariodesanpedro.com.ar\/sitio\/wp-content\/uploads\/2023\/03\/WhatsApp-Image-2023-03-10-at-20.24.05-300x200.jpeg 300w, https:\/\/eldiariodesanpedro.com.ar\/sitio\/wp-content\/uploads\/2023\/03\/WhatsApp-Image-2023-03-10-at-20.24.05-768x511.jpeg 768w\" data-sizes=\"(max-width: 946px) 100vw, 946px\" src=\"data:image\/svg+xml;base64,PHN2ZyB3aWR0aD0iMSIgaGVpZ2h0PSIxIiB4bWxucz0iaHR0cDovL3d3dy53My5vcmcvMjAwMC9zdmciPjwvc3ZnPg==\" style=\"--smush-placeholder-width: 946px; --smush-placeholder-aspect-ratio: 946\/630;\" \/><\/figure>\n\n\n\n<figure class=\"wp-block-image size-full\"><img decoding=\"async\" width=\"946\" height=\"630\" data-attachment-id=\"115816\" data-permalink=\"https:\/\/eldiariodesanpedro.com.ar\/sitio\/comienza-a-funcionar-una-nueva-terminal-de-omnibus-para-san-pedro\/whatsapp-image-2023-03-10-at-20-24-06\/\" data-orig-file=\"https:\/\/eldiariodesanpedro.com.ar\/sitio\/wp-content\/uploads\/2023\/03\/WhatsApp-Image-2023-03-10-at-20.24.06.jpeg\" data-orig-size=\"946,630\" data-comments-opened=\"0\" data-image-meta=\"{&quot;aperture&quot;:&quot;0&quot;,&quot;credit&quot;:&quot;&quot;,&quot;camera&quot;:&quot;&quot;,&quot;caption&quot;:&quot;&quot;,&quot;created_timestamp&quot;:&quot;0&quot;,&quot;copyright&quot;:&quot;&quot;,&quot;focal_length&quot;:&quot;0&quot;,&quot;iso&quot;:&quot;0&quot;,&quot;shutter_speed&quot;:&quot;0&quot;,&quot;title&quot;:&quot;&quot;,&quot;orientation&quot;:&quot;0&quot;}\" data-image-title=\"WhatsApp Image 2023-03-10 at 20.24.06\" data-image-description=\"\" data-image-caption=\"\" data-large-file=\"https:\/\/eldiariodesanpedro.com.ar\/sitio\/wp-content\/uploads\/2023\/03\/WhatsApp-Image-2023-03-10-at-20.24.06.jpeg\" data-src=\"https:\/\/eldiariodesanpedro.com.ar\/sitio\/wp-content\/uploads\/2023\/03\/WhatsApp-Image-2023-03-10-at-20.24.06.jpeg\" alt=\"\" class=\"wp-image-115816 lazyload\" data-srcset=\"https:\/\/eldiariodesanpedro.com.ar\/sitio\/wp-content\/uploads\/2023\/03\/WhatsApp-Image-2023-03-10-at-20.24.06.jpeg 946w, https:\/\/eldiariodesanpedro.com.ar\/sitio\/wp-content\/uploads\/2023\/03\/WhatsApp-Image-2023-03-10-at-20.24.06-300x200.jpeg 300w, https:\/\/eldiariodesanpedro.com.ar\/sitio\/wp-content\/uploads\/2023\/03\/WhatsApp-Image-2023-03-10-at-20.24.06-768x511.jpeg 768w\" data-sizes=\"(max-width: 946px) 100vw, 946px\" src=\"data:image\/svg+xml;base64,PHN2ZyB3aWR0aD0iMSIgaGVpZ2h0PSIxIiB4bWxucz0iaHR0cDovL3d3dy53My5vcmcvMjAwMC9zdmciPjwvc3ZnPg==\" style=\"--smush-placeholder-width: 946px; --smush-placeholder-aspect-ratio: 946\/630;\" \/><\/figure>\n","protected":false},"excerpt":{"rendered":"<p>Qued\u00f3 oficialmente inaugurada en la tarde de este viernes la Nueva Terminal de San Pedro, construida con la inversi\u00f3n de empresarios chinos y argentinos, enmarcada en un proyecto que fue presentado desde el gobierno municipal. En el edificio de Avenida 11 de Septiembre y Lucio Mansilla, participaron del acto inaugural el Ministro de Transporte de [&hellip;]<\/p>\n","protected":false},"author":4,"featured_media":115815,"comment_status":"closed","ping_status":"closed","sticky":false,"template":"","format":"standard","meta":{"om_disable_all_campaigns":false,"_jetpack_memberships_contains_paid_content":false,"footnotes":""},"categories":[50,101,2],"tags":[197,696,33,19],"class_list":["post-115813","post","type-post","status-publish","format-standard","has-post-thumbnail","hentry","category-destacadas","category-interes-general-locales","category-locales","tag-buenos-aires","tag-interes-general","tag-locales","tag-san-pedro"],"aioseo_notices":[],"gutentor_comment":0,"jetpack_featured_media_url":"https:\/\/eldiariodesanpedro.com.ar\/sitio\/wp-content\/uploads\/2023\/03\/WhatsApp-Image-2023-03-10-at-20.24.06-1.jpeg","jetpack_shortlink":"https:\/\/wp.me\/p6RhLt-u7X","jetpack_sharing_enabled":true,"_links":{"self":[{"href":"https:\/\/eldiariodesanpedro.com.ar\/sitio\/wp-json\/wp\/v2\/posts\/115813","targetHints":{"allow":["GET"]}}],"collection":[{"href":"https:\/\/eldiariodesanpedro.com.ar\/sitio\/wp-json\/wp\/v2\/posts"}],"about":[{"href":"https:\/\/eldiariodesanpedro.com.ar\/sitio\/wp-json\/wp\/v2\/types\/post"}],"author":[{"embeddable":true,"href":"https:\/\/eldiariodesanpedro.com.ar\/sitio\/wp-json\/wp\/v2\/users\/4"}],"replies":[{"embeddable":true,"href":"https:\/\/eldiariodesanpedro.com.ar\/sitio\/wp-json\/wp\/v2\/comments?post=115813"}],"version-history":[{"count":1,"href":"https:\/\/eldiariodesanpedro.com.ar\/sitio\/wp-json\/wp\/v2\/posts\/115813\/revisions"}],"predecessor-version":[{"id":115819,"href":"https:\/\/eldiariodesanpedro.com.ar\/sitio\/wp-json\/wp\/v2\/posts\/115813\/revisions\/115819"}],"wp:featuredmedia":[{"embeddable":true,"href":"https:\/\/eldiariodesanpedro.com.ar\/sitio\/wp-json\/wp\/v2\/media\/115815"}],"wp:attachment":[{"href":"https:\/\/eldiariodesanpedro.com.ar\/sitio\/wp-json\/wp\/v2\/media?parent=115813"}],"wp:term":[{"taxonomy":"category","embeddable":true,"href":"https:\/\/eldiariodesanpedro.com.ar\/sitio\/wp-json\/wp\/v2\/categories?post=115813"},{"taxonomy":"post_tag","embeddable":true,"href":"https:\/\/eldiariodesanpedro.com.ar\/sitio\/wp-json\/wp\/v2\/tags?post=115813"}],"curies":[{"name":"wp","href":"https:\/\/api.w.org\/{rel}","templated":true}]}}