{"id":115806,"date":"2023-03-10T21:17:39","date_gmt":"2023-03-11T00:17:39","guid":{"rendered":"https:\/\/eldiariodesanpedro.com.ar\/sitio\/?p=115806"},"modified":"2023-03-10T21:17:40","modified_gmt":"2023-03-11T00:17:40","slug":"con-las-maximas-autoridades-del-ministerio-de-transporte-se-presento-la-renovacion-total-de-la-estacion-de-gobernador-castro","status":"publish","type":"post","link":"https:\/\/eldiariodesanpedro.com.ar\/sitio\/con-las-maximas-autoridades-del-ministerio-de-transporte-se-presento-la-renovacion-total-de-la-estacion-de-gobernador-castro\/","title":{"rendered":"Con las m\u00e1ximas autoridades del Ministerio de Transporte se present\u00f3 la renovaci\u00f3n total de la Estaci\u00f3n de Gobernador Castro"},"content":{"rendered":"<!-- VideographyWP Plugin Message: Automatic video embedding prevented by plugin options. -->\n\n<p>En la tarde de este viernes se presentaron en Gobernador Castro las obras de refacci\u00f3n realizadas en la hist\u00f3rica estaci\u00f3n de trenes que pr\u00f3ximamente volver\u00e1 a conectar a los vecinos y vecinas hacia o desde la localidad, con las paradas actuales del Ferrocarril Mitre.<\/p>\n\n\n\n<p>El acto cont\u00f3 con la presencia del Ministro de Transporte de la Naci\u00f3n, Diego Giuliano; el Ministro de Transporte de la Provincia de Buenos Aires, Jorge Alberto D\u00b4Onofrio; el Presidente en Trenes Argentinos Infraestructura, Martin Marinucci; el Presidente de Ferrocarriles Argentinos Sociedad del Estado (FASE), Dami\u00e1n Contreras; El Intendente Municipal, Ram\u00f3n Salazar; el Intendente en uso de licencia, miembro del Directorio de Trenes Argentinos Cargas, Cecilio Salazar, la Directora, Eliana Gramigna; la Diputada Nacional por la Provincia de Buenos Aires, Micaela Moran; el Delegado Municipal \u00c1ngel \u00c1lvarez, funcionarios del gobierno municipal, concejales y dem\u00e1s autoridades nacionales, provinciales, municipales y de Trenes Argentinos.<\/p>\n\n\n\n<p>\u201cQu\u00e9 lindo es venir a reinaugurar la estaci\u00f3n de Gobernador Castro despu\u00e9s de 30 a\u00f1os, es muy emocionante para todos que, despu\u00e9s de tantos a\u00f1os vuelva a parar el tren ac\u00e1 y que nuestros vecinos y vecinas puedan utilizarlo para viajar a Rosario o Buenos Aires\u201d destac\u00f3 el Jefe Comunal.<\/p>\n\n\n\n<p>Tambi\u00e9n resalt\u00f3 la alegr\u00eda de concretar este gran sue\u00f1o para toda la localidad y destac\u00f3 la importancia de las gestiones que inici\u00f3 Cecilio Salazar ante el entonces Presidentes de la C\u00e1mara de Diputados de la Naci\u00f3n, Sergio Massa, para llevar adelante esta esperada obra, alrededor de una plaza que representa mucho para la vida de la localidad.<\/p>\n\n\n\n<p>Cecilio Salazar, recordando los or\u00edgenes de las gestiones coment\u00f3 que el Ministro Massa siempre ha tenido una gran consideraci\u00f3n con las solicitudes elevadas desde San Pedro y que a ra\u00edz del gran vinculo que se mantiene con \u00e9l, fue posible que se pusiera en marcha y se finalizara esta obra.<\/p>\n\n\n\n<p>El Ministro Giuliano destac\u00f3 la satisfacci\u00f3n que representa seguir fortaleciendo el sistema ferroviario y especialmente en una localidad como Gobernador Castro para la cual este edificio y el servicio en particular tienen un gran significado al poner nuevamente en el mapa ferroviario de la Argentina a la localidad de Gobernador Castro.<\/p>\n\n\n\n<figure class=\"wp-block-image size-full\"><img decoding=\"async\" width=\"946\" height=\"630\" data-attachment-id=\"115809\" data-permalink=\"https:\/\/eldiariodesanpedro.com.ar\/sitio\/con-las-maximas-autoridades-del-ministerio-de-transporte-se-presento-la-renovacion-total-de-la-estacion-de-gobernador-castro\/whatsapp-image-2023-03-10-at-20-06-15\/\" data-orig-file=\"https:\/\/eldiariodesanpedro.com.ar\/sitio\/wp-content\/uploads\/2023\/03\/WhatsApp-Image-2023-03-10-at-20.06.15.jpeg\" data-orig-size=\"946,630\" data-comments-opened=\"0\" data-image-meta=\"{&quot;aperture&quot;:&quot;0&quot;,&quot;credit&quot;:&quot;&quot;,&quot;camera&quot;:&quot;&quot;,&quot;caption&quot;:&quot;&quot;,&quot;created_timestamp&quot;:&quot;0&quot;,&quot;copyright&quot;:&quot;&quot;,&quot;focal_length&quot;:&quot;0&quot;,&quot;iso&quot;:&quot;0&quot;,&quot;shutter_speed&quot;:&quot;0&quot;,&quot;title&quot;:&quot;&quot;,&quot;orientation&quot;:&quot;0&quot;}\" data-image-title=\"WhatsApp Image 2023-03-10 at 20.06.15\" data-image-description=\"\" data-image-caption=\"\" data-large-file=\"https:\/\/eldiariodesanpedro.com.ar\/sitio\/wp-content\/uploads\/2023\/03\/WhatsApp-Image-2023-03-10-at-20.06.15.jpeg\" data-src=\"https:\/\/eldiariodesanpedro.com.ar\/sitio\/wp-content\/uploads\/2023\/03\/WhatsApp-Image-2023-03-10-at-20.06.15.jpeg\" alt=\"\" class=\"wp-image-115809 lazyload\" data-srcset=\"https:\/\/eldiariodesanpedro.com.ar\/sitio\/wp-content\/uploads\/2023\/03\/WhatsApp-Image-2023-03-10-at-20.06.15.jpeg 946w, https:\/\/eldiariodesanpedro.com.ar\/sitio\/wp-content\/uploads\/2023\/03\/WhatsApp-Image-2023-03-10-at-20.06.15-300x200.jpeg 300w, https:\/\/eldiariodesanpedro.com.ar\/sitio\/wp-content\/uploads\/2023\/03\/WhatsApp-Image-2023-03-10-at-20.06.15-768x511.jpeg 768w\" data-sizes=\"(max-width: 946px) 100vw, 946px\" src=\"data:image\/svg+xml;base64,PHN2ZyB3aWR0aD0iMSIgaGVpZ2h0PSIxIiB4bWxucz0iaHR0cDovL3d3dy53My5vcmcvMjAwMC9zdmciPjwvc3ZnPg==\" style=\"--smush-placeholder-width: 946px; --smush-placeholder-aspect-ratio: 946\/630;\" \/><\/figure>\n\n\n\n<figure class=\"wp-block-image size-full\"><img decoding=\"async\" width=\"946\" height=\"630\" data-attachment-id=\"115807\" data-permalink=\"https:\/\/eldiariodesanpedro.com.ar\/sitio\/con-las-maximas-autoridades-del-ministerio-de-transporte-se-presento-la-renovacion-total-de-la-estacion-de-gobernador-castro\/whatsapp-image-2023-03-10-at-20-06-12\/\" data-orig-file=\"https:\/\/eldiariodesanpedro.com.ar\/sitio\/wp-content\/uploads\/2023\/03\/WhatsApp-Image-2023-03-10-at-20.06.12.jpeg\" data-orig-size=\"946,630\" data-comments-opened=\"0\" data-image-meta=\"{&quot;aperture&quot;:&quot;0&quot;,&quot;credit&quot;:&quot;&quot;,&quot;camera&quot;:&quot;&quot;,&quot;caption&quot;:&quot;&quot;,&quot;created_timestamp&quot;:&quot;0&quot;,&quot;copyright&quot;:&quot;&quot;,&quot;focal_length&quot;:&quot;0&quot;,&quot;iso&quot;:&quot;0&quot;,&quot;shutter_speed&quot;:&quot;0&quot;,&quot;title&quot;:&quot;&quot;,&quot;orientation&quot;:&quot;0&quot;}\" data-image-title=\"WhatsApp Image 2023-03-10 at 20.06.12\" data-image-description=\"\" data-image-caption=\"\" data-large-file=\"https:\/\/eldiariodesanpedro.com.ar\/sitio\/wp-content\/uploads\/2023\/03\/WhatsApp-Image-2023-03-10-at-20.06.12.jpeg\" data-src=\"https:\/\/eldiariodesanpedro.com.ar\/sitio\/wp-content\/uploads\/2023\/03\/WhatsApp-Image-2023-03-10-at-20.06.12.jpeg\" alt=\"\" class=\"wp-image-115807 lazyload\" data-srcset=\"https:\/\/eldiariodesanpedro.com.ar\/sitio\/wp-content\/uploads\/2023\/03\/WhatsApp-Image-2023-03-10-at-20.06.12.jpeg 946w, https:\/\/eldiariodesanpedro.com.ar\/sitio\/wp-content\/uploads\/2023\/03\/WhatsApp-Image-2023-03-10-at-20.06.12-300x200.jpeg 300w, https:\/\/eldiariodesanpedro.com.ar\/sitio\/wp-content\/uploads\/2023\/03\/WhatsApp-Image-2023-03-10-at-20.06.12-768x511.jpeg 768w\" data-sizes=\"(max-width: 946px) 100vw, 946px\" src=\"data:image\/svg+xml;base64,PHN2ZyB3aWR0aD0iMSIgaGVpZ2h0PSIxIiB4bWxucz0iaHR0cDovL3d3dy53My5vcmcvMjAwMC9zdmciPjwvc3ZnPg==\" style=\"--smush-placeholder-width: 946px; --smush-placeholder-aspect-ratio: 946\/630;\" \/><\/figure>\n\n\n\n<figure class=\"wp-block-image size-full\"><img decoding=\"async\" width=\"946\" height=\"630\" data-attachment-id=\"115810\" data-permalink=\"https:\/\/eldiariodesanpedro.com.ar\/sitio\/con-las-maximas-autoridades-del-ministerio-de-transporte-se-presento-la-renovacion-total-de-la-estacion-de-gobernador-castro\/whatsapp-image-2023-03-10-at-20-06-16-1\/\" data-orig-file=\"https:\/\/eldiariodesanpedro.com.ar\/sitio\/wp-content\/uploads\/2023\/03\/WhatsApp-Image-2023-03-10-at-20.06.16-1.jpeg\" data-orig-size=\"946,630\" data-comments-opened=\"0\" data-image-meta=\"{&quot;aperture&quot;:&quot;0&quot;,&quot;credit&quot;:&quot;&quot;,&quot;camera&quot;:&quot;&quot;,&quot;caption&quot;:&quot;&quot;,&quot;created_timestamp&quot;:&quot;0&quot;,&quot;copyright&quot;:&quot;&quot;,&quot;focal_length&quot;:&quot;0&quot;,&quot;iso&quot;:&quot;0&quot;,&quot;shutter_speed&quot;:&quot;0&quot;,&quot;title&quot;:&quot;&quot;,&quot;orientation&quot;:&quot;0&quot;}\" data-image-title=\"WhatsApp Image 2023-03-10 at 20.06.16 (1)\" data-image-description=\"\" data-image-caption=\"\" data-large-file=\"https:\/\/eldiariodesanpedro.com.ar\/sitio\/wp-content\/uploads\/2023\/03\/WhatsApp-Image-2023-03-10-at-20.06.16-1.jpeg\" data-src=\"https:\/\/eldiariodesanpedro.com.ar\/sitio\/wp-content\/uploads\/2023\/03\/WhatsApp-Image-2023-03-10-at-20.06.16-1.jpeg\" alt=\"\" class=\"wp-image-115810 lazyload\" data-srcset=\"https:\/\/eldiariodesanpedro.com.ar\/sitio\/wp-content\/uploads\/2023\/03\/WhatsApp-Image-2023-03-10-at-20.06.16-1.jpeg 946w, https:\/\/eldiariodesanpedro.com.ar\/sitio\/wp-content\/uploads\/2023\/03\/WhatsApp-Image-2023-03-10-at-20.06.16-1-300x200.jpeg 300w, https:\/\/eldiariodesanpedro.com.ar\/sitio\/wp-content\/uploads\/2023\/03\/WhatsApp-Image-2023-03-10-at-20.06.16-1-768x511.jpeg 768w\" data-sizes=\"(max-width: 946px) 100vw, 946px\" src=\"data:image\/svg+xml;base64,PHN2ZyB3aWR0aD0iMSIgaGVpZ2h0PSIxIiB4bWxucz0iaHR0cDovL3d3dy53My5vcmcvMjAwMC9zdmciPjwvc3ZnPg==\" style=\"--smush-placeholder-width: 946px; --smush-placeholder-aspect-ratio: 946\/630;\" \/><\/figure>\n","protected":false},"excerpt":{"rendered":"<p>En la tarde de este viernes se presentaron en Gobernador Castro las obras de refacci\u00f3n realizadas en la hist\u00f3rica estaci\u00f3n de trenes que pr\u00f3ximamente volver\u00e1 a conectar a los vecinos y vecinas hacia o desde la localidad, con las paradas actuales del Ferrocarril Mitre. El acto cont\u00f3 con la presencia del Ministro de Transporte de [&hellip;]<\/p>\n","protected":false},"author":4,"featured_media":115811,"comment_status":"closed","ping_status":"closed","sticky":false,"template":"","format":"standard","meta":{"om_disable_all_campaigns":false,"_jetpack_memberships_contains_paid_content":false,"footnotes":""},"categories":[50,101,2],"tags":[197,696,33,19],"class_list":["post-115806","post","type-post","status-publish","format-standard","has-post-thumbnail","hentry","category-destacadas","category-interes-general-locales","category-locales","tag-buenos-aires","tag-interes-general","tag-locales","tag-san-pedro"],"aioseo_notices":[],"gutentor_comment":0,"jetpack_featured_media_url":"https:\/\/eldiariodesanpedro.com.ar\/sitio\/wp-content\/uploads\/2023\/03\/WhatsApp-Image-2023-03-10-at-20.06.16.jpeg","jetpack_shortlink":"https:\/\/wp.me\/p6RhLt-u7Q","jetpack_sharing_enabled":true,"_links":{"self":[{"href":"https:\/\/eldiariodesanpedro.com.ar\/sitio\/wp-json\/wp\/v2\/posts\/115806","targetHints":{"allow":["GET"]}}],"collection":[{"href":"https:\/\/eldiariodesanpedro.com.ar\/sitio\/wp-json\/wp\/v2\/posts"}],"about":[{"href":"https:\/\/eldiariodesanpedro.com.ar\/sitio\/wp-json\/wp\/v2\/types\/post"}],"author":[{"embeddable":true,"href":"https:\/\/eldiariodesanpedro.com.ar\/sitio\/wp-json\/wp\/v2\/users\/4"}],"replies":[{"embeddable":true,"href":"https:\/\/eldiariodesanpedro.com.ar\/sitio\/wp-json\/wp\/v2\/comments?post=115806"}],"version-history":[{"count":1,"href":"https:\/\/eldiariodesanpedro.com.ar\/sitio\/wp-json\/wp\/v2\/posts\/115806\/revisions"}],"predecessor-version":[{"id":115812,"href":"https:\/\/eldiariodesanpedro.com.ar\/sitio\/wp-json\/wp\/v2\/posts\/115806\/revisions\/115812"}],"wp:featuredmedia":[{"embeddable":true,"href":"https:\/\/eldiariodesanpedro.com.ar\/sitio\/wp-json\/wp\/v2\/media\/115811"}],"wp:attachment":[{"href":"https:\/\/eldiariodesanpedro.com.ar\/sitio\/wp-json\/wp\/v2\/media?parent=115806"}],"wp:term":[{"taxonomy":"category","embeddable":true,"href":"https:\/\/eldiariodesanpedro.com.ar\/sitio\/wp-json\/wp\/v2\/categories?post=115806"},{"taxonomy":"post_tag","embeddable":true,"href":"https:\/\/eldiariodesanpedro.com.ar\/sitio\/wp-json\/wp\/v2\/tags?post=115806"}],"curies":[{"name":"wp","href":"https:\/\/api.w.org\/{rel}","templated":true}]}}