{"id":115799,"date":"2023-03-10T10:57:53","date_gmt":"2023-03-10T13:57:53","guid":{"rendered":"https:\/\/eldiariodesanpedro.com.ar\/sitio\/?p=115799"},"modified":"2023-03-10T10:57:54","modified_gmt":"2023-03-10T13:57:54","slug":"policia-sampedrino-detenido-por-el-homicidio-de-un-joven-y-acusado-de-ventas-de-automoviles-robados","status":"publish","type":"post","link":"https:\/\/eldiariodesanpedro.com.ar\/sitio\/policia-sampedrino-detenido-por-el-homicidio-de-un-joven-y-acusado-de-ventas-de-automoviles-robados\/","title":{"rendered":"Polic\u00eda sampedrino detenido por el homicidio de un joven y acusado de ventas de autom\u00f3viles robados"},"content":{"rendered":"<!-- VideographyWP Plugin Message: Automatic video embedding prevented by plugin options. -->\n\n<p>En la jornada de ayer se tom\u00f3 conocimiento que el pasado miercoles en horas de la tarde en calle Triunvirato y Colectora de la localidad de Don Torcuato, una persona a bordo de autom\u00f3vil Renault Duster de color verde efect\u00faa disparos con arma de fuego contra un masculino de 37 a\u00f1os el cual pierde la vida en el lugar dejando a otro masculino de 24 a\u00f1os herido, siendo trasladado al Hospital de Pacheco, pero estable.&nbsp;<\/p>\n\n\n\n<p>Tras las averiguaciones practicadas la Sub DDI Tigre y la Comisaria de Don Torcuato, establecen que se tratar\u00eda de una mexicaneada entre delincuentes teniendo en cuenta que ambas v\u00edctimas poseen frondosos antecedentes penales por delitos de robo a mano armada, por lo que se detecto citan a un tercero para que le lleve la camioneta Renault Duster, de color verde adulterada para luego estos introducirla al mercado ilegal de veh\u00edculos mellizos.&nbsp;<\/p>\n\n\n\n<p>Seg\u00fan trasciende en el lugar de los hechos al masculino que conduc\u00eda el rodado, estos dos sujetos tratan de sustraerla con un cuchillo tramontina que queda secuestrado en el lugar mientras que conductor de la camioneta melliza se defiende efectuando varios disparos de arma de fuego para luego fugar con el rodado por panamericana sentido Provincia.&nbsp;<\/p>\n\n\n\n<p>Los efectivos policiales realizaron una profunda investigaci\u00f3n con an\u00e1lisis de c\u00e1maras de seguridad y dem\u00e1s tareas encubiertas personal de Sub DDI Tigre llega a la localidad de San Pedro, y con la informaci\u00f3n llegaron al domicilio de un agente de la polic\u00eda de la provincia de Buenos Aires identificado como Juan Correa ex propietario del boliche bailable y reconocido kiosco de nombre Fabro, determinando que es efectivo de la Comisar\u00eda Primera de Zarate, sindicado como posible autor del hecho, seg\u00fan datos recabados y aportados a la justicia.\u00a0<\/p>\n\n\n\n<p>Siendo las 23:40 hs&nbsp; el personal de la dependencia de nuestra ciudad concurre a un llamado del 911 donde efectivos de SUB DDI Tigre, estaba en persecuci\u00f3n por la zona c\u00e9ntrica de San Pedro, de la camioneta Renault Duster, implicada en el hecho que se investiga, procediendo en calle Pelegrini y Arnaldo al secuestro de la misma y a la aprehensi\u00f3n de su conductor, un masculino de 19 a\u00f1os y quien se encontraba acompa\u00f1ado de una femenina de 18 a\u00f1os, ambos oriundos de San Pedro, quienes se hab\u00edan presentado en el domicilio del agente policial con el fin de llevarse el rodado, ya que el negocio de los autom\u00f3viles no hab\u00eda salido como se hab\u00eda pactado.&nbsp;<\/p>\n\n\n\n<p>Una vez verificado el mismo presenta pedido de secuestro activo por robo agravado a requerimiento UFI distrito Mart\u00ednez con fecha 27 de junio de 2018, adem\u00e1s presentaba vidrios sobre gravados y patente duplicada.&nbsp;<\/p>\n\n\n\n<p>A solicitud de la Sra. Fiscal Mar\u00eda Virginia Tosso, se procede a allanamiento de urgencia para con el domicilio del agente policial situado en calle Las Provincias al 900 donde se efect\u00faa su aprehensi\u00f3n y al secuestro de una pistola calibre 9 mm marca Bersa Tunder, un cargador con quince proyectiles y un celular y otros elementos relacionados a la investigaci\u00f3n.<\/p>\n\n\n\n<p>Continuando con las diligencias judiciales en calle Caseros al 1400 se procede al secuestro de autom\u00f3vil Gol Trend color azul, propiedad del agente de polic\u00eda el cual presentaba numeraci\u00f3n de motor y chasis ap\u00f3crifo.&nbsp;<\/p>\n\n\n\n<p>Otra diligencia de allanamiento en calle San Lorenzo al 2400, residencia de la pareja aprehendida, en busca de elementos de inter\u00e9s arroj\u00f3 resultado negativo.<\/p>\n\n\n\n<p>&nbsp;Se contin\u00faa con la investigaci\u00f3n penal a cargo de la Fiscal Mar\u00eda Virginia Tosso del Departamento Judicial San Isidro.<\/p>\n","protected":false},"excerpt":{"rendered":"<p>En la jornada de ayer se tom\u00f3 conocimiento que el pasado miercoles en horas de la tarde en calle Triunvirato y Colectora de la localidad de Don Torcuato, una persona a bordo de autom\u00f3vil Renault Duster de color verde efect\u00faa disparos con arma de fuego contra un masculino de 37 a\u00f1os el cual pierde la [&hellip;]<\/p>\n","protected":false},"author":4,"featured_media":115800,"comment_status":"closed","ping_status":"closed","sticky":false,"template":"","format":"standard","meta":{"om_disable_all_campaigns":false,"_jetpack_memberships_contains_paid_content":false,"footnotes":""},"categories":[2,103],"tags":[197,33,95,19],"class_list":["post-115799","post","type-post","status-publish","format-standard","has-post-thumbnail","hentry","category-locales","category-policiales-locales","tag-buenos-aires","tag-locales","tag-policiales","tag-san-pedro"],"aioseo_notices":[],"gutentor_comment":0,"jetpack_featured_media_url":"https:\/\/eldiariodesanpedro.com.ar\/sitio\/wp-content\/uploads\/2023\/03\/medida-12.jpg","jetpack_shortlink":"https:\/\/wp.me\/p6RhLt-u7J","jetpack_sharing_enabled":true,"_links":{"self":[{"href":"https:\/\/eldiariodesanpedro.com.ar\/sitio\/wp-json\/wp\/v2\/posts\/115799","targetHints":{"allow":["GET"]}}],"collection":[{"href":"https:\/\/eldiariodesanpedro.com.ar\/sitio\/wp-json\/wp\/v2\/posts"}],"about":[{"href":"https:\/\/eldiariodesanpedro.com.ar\/sitio\/wp-json\/wp\/v2\/types\/post"}],"author":[{"embeddable":true,"href":"https:\/\/eldiariodesanpedro.com.ar\/sitio\/wp-json\/wp\/v2\/users\/4"}],"replies":[{"embeddable":true,"href":"https:\/\/eldiariodesanpedro.com.ar\/sitio\/wp-json\/wp\/v2\/comments?post=115799"}],"version-history":[{"count":1,"href":"https:\/\/eldiariodesanpedro.com.ar\/sitio\/wp-json\/wp\/v2\/posts\/115799\/revisions"}],"predecessor-version":[{"id":115801,"href":"https:\/\/eldiariodesanpedro.com.ar\/sitio\/wp-json\/wp\/v2\/posts\/115799\/revisions\/115801"}],"wp:featuredmedia":[{"embeddable":true,"href":"https:\/\/eldiariodesanpedro.com.ar\/sitio\/wp-json\/wp\/v2\/media\/115800"}],"wp:attachment":[{"href":"https:\/\/eldiariodesanpedro.com.ar\/sitio\/wp-json\/wp\/v2\/media?parent=115799"}],"wp:term":[{"taxonomy":"category","embeddable":true,"href":"https:\/\/eldiariodesanpedro.com.ar\/sitio\/wp-json\/wp\/v2\/categories?post=115799"},{"taxonomy":"post_tag","embeddable":true,"href":"https:\/\/eldiariodesanpedro.com.ar\/sitio\/wp-json\/wp\/v2\/tags?post=115799"}],"curies":[{"name":"wp","href":"https:\/\/api.w.org\/{rel}","templated":true}]}}