{"id":115794,"date":"2023-03-10T09:30:00","date_gmt":"2023-03-10T12:30:00","guid":{"rendered":"https:\/\/eldiariodesanpedro.com.ar\/sitio\/?p=115794"},"modified":"2023-03-10T11:03:58","modified_gmt":"2023-03-10T14:03:58","slug":"asamblea-general-ordinaria-de-seccional-ate-san-pedro-%ef%bf%bc","status":"publish","type":"post","link":"https:\/\/eldiariodesanpedro.com.ar\/sitio\/asamblea-general-ordinaria-de-seccional-ate-san-pedro-%ef%bf%bc\/","title":{"rendered":"Asamblea General Ordinaria de Seccional ATE San Pedro \ufffc"},"content":{"rendered":"<!-- VideographyWP Plugin Message: Automatic video embedding prevented by plugin options. -->\n\n<p>La Comisi\u00f3n Administrativa de la Asociaci\u00f3n Trabajadores del Estado \u2013ATE- Seccional San Pedro, en cumplimiento de las normas estatutarias vigentes, y con el fin de cumplimentar el Art.9 de la reglamentaci\u00f3n del Art.48 del Capitulo XIII \u201cde las Seccionales\u201d, concordantes con el Art.52 \u201cDe las Asambleas\u201d, convoca a Asamblea General Ordinaria. La misma se llevar\u00e1 a cabo en la sede gremial de ATE, sito en San Martin N\u00b0 190 de la ciudad de San Pedro, el d\u00eda 22 de Marzo de 2023, a las 18.30 horas donde se considerara el siguiente:<br>Orden del d\u00eda:<br>1)Memoria, balance e inventario general de la seccional periodo 01\/01\/2022 al 31\/12\/2022.-<br>2)Elecci\u00f3n de los Delegados &nbsp;Congresales para participar en el Congreso Provincial Art. 49 del Capitulo XIV \u201cde los Congresos Provinciales\u201d.-<br>3)Elecci\u00f3n de dos (02) asamble\u00edstas para firmar el acta.-<br>4)Elecci\u00f3n de delegados electorales conforme lo establecido estatutariamente.-<\/p>\n\n\n\n<p>Se elegir\u00e1 un Delegado Congresal por cada 50 afiliados o fracci\u00f3n no menor a 26. Para tener derecho a participar de la asamblea, el compa\u00f1ero\/a debe figurar en el padr\u00f3n de afiliados, que acredite tal condici\u00f3n.-<\/p>\n\n\n\n<p>San Pedro, 10 de Marzo de 2023.-<\/p>\n\n\n\n<p>Gauna Gustavo Fabi\u00e1n<br>Secretario General &nbsp; &nbsp; &nbsp; &nbsp; &nbsp; &nbsp; &nbsp; &nbsp; &nbsp; &nbsp; &nbsp; &nbsp; &nbsp; &nbsp;<br>De ATE &nbsp;San Pedro&nbsp;<\/p>\n","protected":false},"excerpt":{"rendered":"<p>La Comisi\u00f3n Administrativa de la Asociaci\u00f3n Trabajadores del Estado \u2013ATE- Seccional San Pedro, en cumplimiento de las normas estatutarias vigentes, y con el fin de cumplimentar el Art.9 de la reglamentaci\u00f3n del Art.48 del Capitulo XIII \u201cde las Seccionales\u201d, concordantes con el Art.52 \u201cDe las Asambleas\u201d, convoca a Asamblea General Ordinaria. La misma se llevar\u00e1 [&hellip;]<\/p>\n","protected":false},"author":4,"featured_media":115795,"comment_status":"closed","ping_status":"closed","sticky":false,"template":"","format":"standard","meta":{"om_disable_all_campaigns":false,"_jetpack_memberships_contains_paid_content":false,"footnotes":""},"categories":[678,676],"tags":[2778,197,33,19],"class_list":["post-115794","post","type-post","status-publish","format-standard","has-post-thumbnail","hentry","category-convocatorias","category-edictos","tag-asamblea-general-ordinaria-de-seccional-ate-san-pedro","tag-buenos-aires","tag-locales","tag-san-pedro"],"aioseo_notices":[],"gutentor_comment":0,"jetpack_featured_media_url":"https:\/\/eldiariodesanpedro.com.ar\/sitio\/wp-content\/uploads\/2023\/03\/Ate-San-Pedro-marzo-2023.jpg","jetpack_shortlink":"https:\/\/wp.me\/p6RhLt-u7E","jetpack_sharing_enabled":true,"_links":{"self":[{"href":"https:\/\/eldiariodesanpedro.com.ar\/sitio\/wp-json\/wp\/v2\/posts\/115794","targetHints":{"allow":["GET"]}}],"collection":[{"href":"https:\/\/eldiariodesanpedro.com.ar\/sitio\/wp-json\/wp\/v2\/posts"}],"about":[{"href":"https:\/\/eldiariodesanpedro.com.ar\/sitio\/wp-json\/wp\/v2\/types\/post"}],"author":[{"embeddable":true,"href":"https:\/\/eldiariodesanpedro.com.ar\/sitio\/wp-json\/wp\/v2\/users\/4"}],"replies":[{"embeddable":true,"href":"https:\/\/eldiariodesanpedro.com.ar\/sitio\/wp-json\/wp\/v2\/comments?post=115794"}],"version-history":[{"count":1,"href":"https:\/\/eldiariodesanpedro.com.ar\/sitio\/wp-json\/wp\/v2\/posts\/115794\/revisions"}],"predecessor-version":[{"id":115796,"href":"https:\/\/eldiariodesanpedro.com.ar\/sitio\/wp-json\/wp\/v2\/posts\/115794\/revisions\/115796"}],"wp:featuredmedia":[{"embeddable":true,"href":"https:\/\/eldiariodesanpedro.com.ar\/sitio\/wp-json\/wp\/v2\/media\/115795"}],"wp:attachment":[{"href":"https:\/\/eldiariodesanpedro.com.ar\/sitio\/wp-json\/wp\/v2\/media?parent=115794"}],"wp:term":[{"taxonomy":"category","embeddable":true,"href":"https:\/\/eldiariodesanpedro.com.ar\/sitio\/wp-json\/wp\/v2\/categories?post=115794"},{"taxonomy":"post_tag","embeddable":true,"href":"https:\/\/eldiariodesanpedro.com.ar\/sitio\/wp-json\/wp\/v2\/tags?post=115794"}],"curies":[{"name":"wp","href":"https:\/\/api.w.org\/{rel}","templated":true}]}}