{"id":115789,"date":"2023-03-09T14:21:56","date_gmt":"2023-03-09T17:21:56","guid":{"rendered":"https:\/\/eldiariodesanpedro.com.ar\/sitio\/?p=115789"},"modified":"2023-03-09T14:21:58","modified_gmt":"2023-03-09T17:21:58","slug":"expoagro-2023-se-desarrolla-este-jueves-la-tercera-jornada-de-la-muestra-agroindustrial-en-el-predio-ferial-y-autodromo-de-san-nicolas","status":"publish","type":"post","link":"https:\/\/eldiariodesanpedro.com.ar\/sitio\/expoagro-2023-se-desarrolla-este-jueves-la-tercera-jornada-de-la-muestra-agroindustrial-en-el-predio-ferial-y-autodromo-de-san-nicolas\/","title":{"rendered":"Expoagro 2023: Se desarrolla este jueves la tercera jornada de la muestra agroindustrial en el predio ferial y aut\u00f3dromo de San Nicol\u00e1s"},"content":{"rendered":"<!-- VideographyWP Plugin Message: Automatic video embedding prevented by plugin options. -->\n\n<p>Este jueves, la Secretaria de Turismo y Cultura, Marcela Cu\u00f1er, form\u00f3 parte del stand que tiene la Municipalidad donde los visitantes pueden conocer todos los atractivos tur\u00edsticos que tiene nuestra ciudad y las actividades culturales que est\u00e1n en el calendario de eventos.<\/p>\n\n\n\n<figure class=\"wp-block-image size-full\"><img decoding=\"async\" width=\"945\" height=\"630\" data-attachment-id=\"115791\" data-permalink=\"https:\/\/eldiariodesanpedro.com.ar\/sitio\/expoagro-2023-se-desarrolla-este-jueves-la-tercera-jornada-de-la-muestra-agroindustrial-en-el-predio-ferial-y-autodromo-de-san-nicolas\/whatsapp-image-2023-03-09-at-13-40-00-1\/\" data-orig-file=\"https:\/\/eldiariodesanpedro.com.ar\/sitio\/wp-content\/uploads\/2023\/03\/WhatsApp-Image-2023-03-09-at-13.40.00-1.jpeg\" data-orig-size=\"945,630\" data-comments-opened=\"0\" data-image-meta=\"{&quot;aperture&quot;:&quot;0&quot;,&quot;credit&quot;:&quot;&quot;,&quot;camera&quot;:&quot;&quot;,&quot;caption&quot;:&quot;&quot;,&quot;created_timestamp&quot;:&quot;0&quot;,&quot;copyright&quot;:&quot;&quot;,&quot;focal_length&quot;:&quot;0&quot;,&quot;iso&quot;:&quot;0&quot;,&quot;shutter_speed&quot;:&quot;0&quot;,&quot;title&quot;:&quot;&quot;,&quot;orientation&quot;:&quot;0&quot;}\" data-image-title=\"WhatsApp Image 2023-03-09 at 13.40.00 (1)\" data-image-description=\"\" data-image-caption=\"\" data-large-file=\"https:\/\/eldiariodesanpedro.com.ar\/sitio\/wp-content\/uploads\/2023\/03\/WhatsApp-Image-2023-03-09-at-13.40.00-1.jpeg\" data-src=\"https:\/\/eldiariodesanpedro.com.ar\/sitio\/wp-content\/uploads\/2023\/03\/WhatsApp-Image-2023-03-09-at-13.40.00-1.jpeg\" alt=\"\" class=\"wp-image-115791 lazyload\" data-srcset=\"https:\/\/eldiariodesanpedro.com.ar\/sitio\/wp-content\/uploads\/2023\/03\/WhatsApp-Image-2023-03-09-at-13.40.00-1.jpeg 945w, https:\/\/eldiariodesanpedro.com.ar\/sitio\/wp-content\/uploads\/2023\/03\/WhatsApp-Image-2023-03-09-at-13.40.00-1-300x200.jpeg 300w, https:\/\/eldiariodesanpedro.com.ar\/sitio\/wp-content\/uploads\/2023\/03\/WhatsApp-Image-2023-03-09-at-13.40.00-1-768x512.jpeg 768w\" data-sizes=\"(max-width: 945px) 100vw, 945px\" src=\"data:image\/svg+xml;base64,PHN2ZyB3aWR0aD0iMSIgaGVpZ2h0PSIxIiB4bWxucz0iaHR0cDovL3d3dy53My5vcmcvMjAwMC9zdmciPjwvc3ZnPg==\" style=\"--smush-placeholder-width: 945px; --smush-placeholder-aspect-ratio: 945\/630;\" \/><\/figure>\n\n\n\n<figure class=\"wp-block-image size-full\"><img decoding=\"async\" width=\"945\" height=\"630\" data-attachment-id=\"115790\" data-permalink=\"https:\/\/eldiariodesanpedro.com.ar\/sitio\/expoagro-2023-se-desarrolla-este-jueves-la-tercera-jornada-de-la-muestra-agroindustrial-en-el-predio-ferial-y-autodromo-de-san-nicolas\/whatsapp-image-2023-03-09-at-13-39-59\/\" data-orig-file=\"https:\/\/eldiariodesanpedro.com.ar\/sitio\/wp-content\/uploads\/2023\/03\/WhatsApp-Image-2023-03-09-at-13.39.59.jpeg\" data-orig-size=\"945,630\" data-comments-opened=\"0\" data-image-meta=\"{&quot;aperture&quot;:&quot;0&quot;,&quot;credit&quot;:&quot;&quot;,&quot;camera&quot;:&quot;&quot;,&quot;caption&quot;:&quot;&quot;,&quot;created_timestamp&quot;:&quot;0&quot;,&quot;copyright&quot;:&quot;&quot;,&quot;focal_length&quot;:&quot;0&quot;,&quot;iso&quot;:&quot;0&quot;,&quot;shutter_speed&quot;:&quot;0&quot;,&quot;title&quot;:&quot;&quot;,&quot;orientation&quot;:&quot;0&quot;}\" data-image-title=\"WhatsApp Image 2023-03-09 at 13.39.59\" data-image-description=\"\" data-image-caption=\"\" data-large-file=\"https:\/\/eldiariodesanpedro.com.ar\/sitio\/wp-content\/uploads\/2023\/03\/WhatsApp-Image-2023-03-09-at-13.39.59.jpeg\" data-src=\"https:\/\/eldiariodesanpedro.com.ar\/sitio\/wp-content\/uploads\/2023\/03\/WhatsApp-Image-2023-03-09-at-13.39.59.jpeg\" alt=\"\" class=\"wp-image-115790 lazyload\" data-srcset=\"https:\/\/eldiariodesanpedro.com.ar\/sitio\/wp-content\/uploads\/2023\/03\/WhatsApp-Image-2023-03-09-at-13.39.59.jpeg 945w, https:\/\/eldiariodesanpedro.com.ar\/sitio\/wp-content\/uploads\/2023\/03\/WhatsApp-Image-2023-03-09-at-13.39.59-300x200.jpeg 300w, https:\/\/eldiariodesanpedro.com.ar\/sitio\/wp-content\/uploads\/2023\/03\/WhatsApp-Image-2023-03-09-at-13.39.59-768x512.jpeg 768w\" data-sizes=\"(max-width: 945px) 100vw, 945px\" src=\"data:image\/svg+xml;base64,PHN2ZyB3aWR0aD0iMSIgaGVpZ2h0PSIxIiB4bWxucz0iaHR0cDovL3d3dy53My5vcmcvMjAwMC9zdmciPjwvc3ZnPg==\" style=\"--smush-placeholder-width: 945px; --smush-placeholder-aspect-ratio: 945\/630;\" \/><\/figure>\n","protected":false},"excerpt":{"rendered":"<p>Este jueves, la Secretaria de Turismo y Cultura, Marcela Cu\u00f1er, form\u00f3 parte del stand que tiene la Municipalidad donde los visitantes pueden conocer todos los atractivos tur\u00edsticos que tiene nuestra ciudad y las actividades culturales que est\u00e1n en el calendario de eventos.<\/p>\n","protected":false},"author":4,"featured_media":115792,"comment_status":"closed","ping_status":"closed","sticky":false,"template":"","format":"standard","meta":{"om_disable_all_campaigns":false,"_jetpack_memberships_contains_paid_content":false,"footnotes":""},"categories":[101,2],"tags":[197,696,33,19],"class_list":["post-115789","post","type-post","status-publish","format-standard","has-post-thumbnail","hentry","category-interes-general-locales","category-locales","tag-buenos-aires","tag-interes-general","tag-locales","tag-san-pedro"],"aioseo_notices":[],"gutentor_comment":0,"jetpack_featured_media_url":"https:\/\/eldiariodesanpedro.com.ar\/sitio\/wp-content\/uploads\/2023\/03\/WhatsApp-Image-2023-03-09-at-13.40.00.jpeg","jetpack_shortlink":"https:\/\/wp.me\/p6RhLt-u7z","jetpack_sharing_enabled":true,"_links":{"self":[{"href":"https:\/\/eldiariodesanpedro.com.ar\/sitio\/wp-json\/wp\/v2\/posts\/115789","targetHints":{"allow":["GET"]}}],"collection":[{"href":"https:\/\/eldiariodesanpedro.com.ar\/sitio\/wp-json\/wp\/v2\/posts"}],"about":[{"href":"https:\/\/eldiariodesanpedro.com.ar\/sitio\/wp-json\/wp\/v2\/types\/post"}],"author":[{"embeddable":true,"href":"https:\/\/eldiariodesanpedro.com.ar\/sitio\/wp-json\/wp\/v2\/users\/4"}],"replies":[{"embeddable":true,"href":"https:\/\/eldiariodesanpedro.com.ar\/sitio\/wp-json\/wp\/v2\/comments?post=115789"}],"version-history":[{"count":1,"href":"https:\/\/eldiariodesanpedro.com.ar\/sitio\/wp-json\/wp\/v2\/posts\/115789\/revisions"}],"predecessor-version":[{"id":115793,"href":"https:\/\/eldiariodesanpedro.com.ar\/sitio\/wp-json\/wp\/v2\/posts\/115789\/revisions\/115793"}],"wp:featuredmedia":[{"embeddable":true,"href":"https:\/\/eldiariodesanpedro.com.ar\/sitio\/wp-json\/wp\/v2\/media\/115792"}],"wp:attachment":[{"href":"https:\/\/eldiariodesanpedro.com.ar\/sitio\/wp-json\/wp\/v2\/media?parent=115789"}],"wp:term":[{"taxonomy":"category","embeddable":true,"href":"https:\/\/eldiariodesanpedro.com.ar\/sitio\/wp-json\/wp\/v2\/categories?post=115789"},{"taxonomy":"post_tag","embeddable":true,"href":"https:\/\/eldiariodesanpedro.com.ar\/sitio\/wp-json\/wp\/v2\/tags?post=115789"}],"curies":[{"name":"wp","href":"https:\/\/api.w.org\/{rel}","templated":true}]}}