{"id":115782,"date":"2023-03-09T13:12:44","date_gmt":"2023-03-09T16:12:44","guid":{"rendered":"https:\/\/eldiariodesanpedro.com.ar\/sitio\/?p=115782"},"modified":"2023-03-09T13:12:46","modified_gmt":"2023-03-09T16:12:46","slug":"le-robaron-80-mil-pesos-de-la-cuenta-bancaria-haciendose-pasar-por-la-vtv","status":"publish","type":"post","link":"https:\/\/eldiariodesanpedro.com.ar\/sitio\/le-robaron-80-mil-pesos-de-la-cuenta-bancaria-haciendose-pasar-por-la-vtv\/","title":{"rendered":"Le robaron 80 mil pesos de la cuenta bancaria haci\u00e9ndose pasar por la VTV"},"content":{"rendered":"<!-- VideographyWP Plugin Message: Automatic video embedding prevented by plugin options. -->\n\n<p>En la jornada de este mi\u00e9rcoles en la comisar\u00eda local se recibi\u00f3 una denuncia por parte de una ciudadana de 62 a\u00f1os de edad que declaro que hace un mes recibi\u00f3 un correo electr\u00f3nico por de la VTV (Verificaci\u00f3n T\u00e9cnica Vehicular) con un enlace a una p\u00e1gina similar a la oficial a la que accedi\u00f3 y brindo sus datos de la tarjeta del banco, constatando d\u00edas despu\u00e9s que le realizaron transferencia por valor aproximado de $80.000 \u00a0a lo que cree que le hackearon su cuenta.-<\/p>\n","protected":false},"excerpt":{"rendered":"<p>En la jornada de este mi\u00e9rcoles en la comisar\u00eda local se recibi\u00f3 una denuncia por parte de una ciudadana de 62 a\u00f1os de edad que declaro que hace un mes recibi\u00f3 un correo electr\u00f3nico por de la VTV (Verificaci\u00f3n T\u00e9cnica Vehicular) con un enlace a una p\u00e1gina similar a la oficial a la que accedi\u00f3 [&hellip;]<\/p>\n","protected":false},"author":4,"featured_media":115783,"comment_status":"closed","ping_status":"closed","sticky":false,"template":"","format":"standard","meta":{"om_disable_all_campaigns":false,"_jetpack_memberships_contains_paid_content":false,"footnotes":""},"categories":[2,103],"tags":[197,33,95,19],"class_list":["post-115782","post","type-post","status-publish","format-standard","has-post-thumbnail","hentry","category-locales","category-policiales-locales","tag-buenos-aires","tag-locales","tag-policiales","tag-san-pedro"],"aioseo_notices":[],"gutentor_comment":0,"jetpack_featured_media_url":"https:\/\/eldiariodesanpedro.com.ar\/sitio\/wp-content\/uploads\/2023\/03\/reconocimiento-de-la-oblea-VTV-pba-autentico-768x432-1.jpg","jetpack_shortlink":"https:\/\/wp.me\/p6RhLt-u7s","jetpack_sharing_enabled":true,"_links":{"self":[{"href":"https:\/\/eldiariodesanpedro.com.ar\/sitio\/wp-json\/wp\/v2\/posts\/115782","targetHints":{"allow":["GET"]}}],"collection":[{"href":"https:\/\/eldiariodesanpedro.com.ar\/sitio\/wp-json\/wp\/v2\/posts"}],"about":[{"href":"https:\/\/eldiariodesanpedro.com.ar\/sitio\/wp-json\/wp\/v2\/types\/post"}],"author":[{"embeddable":true,"href":"https:\/\/eldiariodesanpedro.com.ar\/sitio\/wp-json\/wp\/v2\/users\/4"}],"replies":[{"embeddable":true,"href":"https:\/\/eldiariodesanpedro.com.ar\/sitio\/wp-json\/wp\/v2\/comments?post=115782"}],"version-history":[{"count":1,"href":"https:\/\/eldiariodesanpedro.com.ar\/sitio\/wp-json\/wp\/v2\/posts\/115782\/revisions"}],"predecessor-version":[{"id":115784,"href":"https:\/\/eldiariodesanpedro.com.ar\/sitio\/wp-json\/wp\/v2\/posts\/115782\/revisions\/115784"}],"wp:featuredmedia":[{"embeddable":true,"href":"https:\/\/eldiariodesanpedro.com.ar\/sitio\/wp-json\/wp\/v2\/media\/115783"}],"wp:attachment":[{"href":"https:\/\/eldiariodesanpedro.com.ar\/sitio\/wp-json\/wp\/v2\/media?parent=115782"}],"wp:term":[{"taxonomy":"category","embeddable":true,"href":"https:\/\/eldiariodesanpedro.com.ar\/sitio\/wp-json\/wp\/v2\/categories?post=115782"},{"taxonomy":"post_tag","embeddable":true,"href":"https:\/\/eldiariodesanpedro.com.ar\/sitio\/wp-json\/wp\/v2\/tags?post=115782"}],"curies":[{"name":"wp","href":"https:\/\/api.w.org\/{rel}","templated":true}]}}