{"id":115779,"date":"2023-03-09T12:42:57","date_gmt":"2023-03-09T15:42:57","guid":{"rendered":"https:\/\/eldiariodesanpedro.com.ar\/sitio\/?p=115779"},"modified":"2023-03-09T12:42:58","modified_gmt":"2023-03-09T15:42:58","slug":"una-mujer-gravemente-apunalada-por-otra-tras-enterarse-que-su-pareja-la-engano-con-ella","status":"publish","type":"post","link":"https:\/\/eldiariodesanpedro.com.ar\/sitio\/una-mujer-gravemente-apunalada-por-otra-tras-enterarse-que-su-pareja-la-engano-con-ella\/","title":{"rendered":"Una mujer gravemente apu\u00f1alada por otra tras enterarse que su pareja la enga\u00f1o con ella"},"content":{"rendered":"<!-- VideographyWP Plugin Message: Automatic video embedding prevented by plugin options. -->\n\n<p>En la jornada de ayer la polic\u00eda de nuestra ciudad tuvo que intervenir en un grave caso caratulado como Intento de Homicidio en una gresca entre dos femeninas.<\/p>\n\n\n\n<p>El hecho ocurri\u00f3 en horas de la tarde de este mi\u00e9rcoles cuando tras una mateada que se realizaba para celebrar el D\u00eda Internacional de la Mujer organizado por el Movimiento Evita dirigido por Rita Leguizam\u00f3n, tras finalizar el evento dos personas quienes militan en el partido se trenzaron golpes y una de ellas extrajo del ba\u00fal de su moto una cuchilla tipo carnicero y logro apu\u00f1alar varas veces a la v\u00edctima.<\/p>\n\n\n\n<p>Todo se desencadeno en calle Nieto de Torres casi esquina Hermano Indio, donde una mujer de 25 a\u00f1os de edad es agredida f\u00edsicamente por parte de otra mujer de 24 a\u00f1os de edad &nbsp;quien luego de una discusi\u00f3n que se hab\u00eda suscitado en v\u00eda p\u00fablica le acierta tres puntazos, dos en dorso de t\u00f3rax y otra en rostro procedi\u00e9ndose en el lugar al secuestro de dos armas blancas utilizadas por ambas partes.<\/p>\n\n\n\n<p>Seg\u00fan se pudo averiguar toda la pelea habr\u00eda comenzado por un problema de enga\u00f1o de parejas.<\/p>\n\n\n\n<p>La v\u00edctima ingresada por 107 a quir\u00f3fano Hospital San Pedro presentando lesiones graves con uno de sus pulmones perforados.<\/p>\n\n\n\n<p>Tras averiguaciones practicadas personal de esta dependencia &nbsp;en calle&nbsp; Martin Fierro al 1400 procede a la&nbsp; aprehensi\u00f3n de imputada.<\/p>\n\n\n\n<p>Interviene UFI7, el cual dispuso notificaci\u00f3n de causa, quedando alojada en dependencia.-<\/p>\n","protected":false},"excerpt":{"rendered":"<p>En la jornada de ayer la polic\u00eda de nuestra ciudad tuvo que intervenir en un grave caso caratulado como Intento de Homicidio en una gresca entre dos femeninas. El hecho ocurri\u00f3 en horas de la tarde de este mi\u00e9rcoles cuando tras una mateada que se realizaba para celebrar el D\u00eda Internacional de la Mujer organizado [&hellip;]<\/p>\n","protected":false},"author":4,"featured_media":115780,"comment_status":"closed","ping_status":"closed","sticky":false,"template":"","format":"standard","meta":{"om_disable_all_campaigns":false,"_jetpack_memberships_contains_paid_content":false,"footnotes":""},"categories":[50,2,103],"tags":[197,33,95,19],"class_list":["post-115779","post","type-post","status-publish","format-standard","has-post-thumbnail","hentry","category-destacadas","category-locales","category-policiales-locales","tag-buenos-aires","tag-locales","tag-policiales","tag-san-pedro"],"aioseo_notices":[],"gutentor_comment":0,"jetpack_featured_media_url":"https:\/\/eldiariodesanpedro.com.ar\/sitio\/wp-content\/uploads\/2023\/03\/medida-11.jpg","jetpack_shortlink":"https:\/\/wp.me\/p6RhLt-u7p","jetpack_sharing_enabled":true,"_links":{"self":[{"href":"https:\/\/eldiariodesanpedro.com.ar\/sitio\/wp-json\/wp\/v2\/posts\/115779","targetHints":{"allow":["GET"]}}],"collection":[{"href":"https:\/\/eldiariodesanpedro.com.ar\/sitio\/wp-json\/wp\/v2\/posts"}],"about":[{"href":"https:\/\/eldiariodesanpedro.com.ar\/sitio\/wp-json\/wp\/v2\/types\/post"}],"author":[{"embeddable":true,"href":"https:\/\/eldiariodesanpedro.com.ar\/sitio\/wp-json\/wp\/v2\/users\/4"}],"replies":[{"embeddable":true,"href":"https:\/\/eldiariodesanpedro.com.ar\/sitio\/wp-json\/wp\/v2\/comments?post=115779"}],"version-history":[{"count":1,"href":"https:\/\/eldiariodesanpedro.com.ar\/sitio\/wp-json\/wp\/v2\/posts\/115779\/revisions"}],"predecessor-version":[{"id":115781,"href":"https:\/\/eldiariodesanpedro.com.ar\/sitio\/wp-json\/wp\/v2\/posts\/115779\/revisions\/115781"}],"wp:featuredmedia":[{"embeddable":true,"href":"https:\/\/eldiariodesanpedro.com.ar\/sitio\/wp-json\/wp\/v2\/media\/115780"}],"wp:attachment":[{"href":"https:\/\/eldiariodesanpedro.com.ar\/sitio\/wp-json\/wp\/v2\/media?parent=115779"}],"wp:term":[{"taxonomy":"category","embeddable":true,"href":"https:\/\/eldiariodesanpedro.com.ar\/sitio\/wp-json\/wp\/v2\/categories?post=115779"},{"taxonomy":"post_tag","embeddable":true,"href":"https:\/\/eldiariodesanpedro.com.ar\/sitio\/wp-json\/wp\/v2\/tags?post=115779"}],"curies":[{"name":"wp","href":"https:\/\/api.w.org\/{rel}","templated":true}]}}