{"id":115777,"date":"2023-03-09T12:28:14","date_gmt":"2023-03-09T15:28:14","guid":{"rendered":"https:\/\/eldiariodesanpedro.com.ar\/sitio\/?p=115777"},"modified":"2023-03-09T12:28:15","modified_gmt":"2023-03-09T15:28:15","slug":"el-viernes-inaugura-la-nueva-terminal-de-omnibus-con-la-presencia-de-sergio-massa","status":"publish","type":"post","link":"https:\/\/eldiariodesanpedro.com.ar\/sitio\/el-viernes-inaugura-la-nueva-terminal-de-omnibus-con-la-presencia-de-sergio-massa\/","title":{"rendered":"El viernes inaugura la nueva terminal de \u00f3mnibus con la presencia de Sergio Massa"},"content":{"rendered":"<!-- VideographyWP Plugin Message: Automatic video embedding prevented by plugin options. -->\n\n<p>El proyecto ideado por capitales chinos se emplaza en 11 de Septiembre y Lucio Mansilla, y para la apertura se espera la llegada de autoridades nacionales.<\/p>\n\n\n\n<p>El pr\u00f3ximo viernes quedar\u00e1 oficialmente inaugurada la nueva terminal de \u00f3mnibus.<\/p>\n\n\n\n<p>La obra trazada en 11 de Septiembre y Lucio Mansilla fue impulsada por capitales chinos y ofrece diversos servicios para quienes operen en el lugar o la utilicen para viajar.<\/p>\n\n\n\n<p>Para su apertura se espera la presencia de distintos funcionarios del gobierno nacional y provincial. Uno de ellos es Sergio Massa, quien participar\u00eda del acto de apertura de la estaci\u00f3n de trenes de Gobernador Castro al igual que las autoridades del ministerio de transporte. De esta manera, el actual Ministro de Econom\u00eda regresar\u00eda a la ciudad adonde ya hab\u00eda estado en octubre de 2021 cuando se anunci\u00f3 una fuerte inversi\u00f3n en el puerto de nuestra ciudad.<\/p>\n\n\n\n<p>En principio la inauguraci\u00f3n de la terminal y la estaci\u00f3n estaban previstas para el jueves pero por motivos que no trascendieron se traslad\u00f3 al viernes.<\/p>\n","protected":false},"excerpt":{"rendered":"<p>El proyecto ideado por capitales chinos se emplaza en 11 de Septiembre y Lucio Mansilla, y para la apertura se espera la llegada de autoridades nacionales. El pr\u00f3ximo viernes quedar\u00e1 oficialmente inaugurada la nueva terminal de \u00f3mnibus. La obra trazada en 11 de Septiembre y Lucio Mansilla fue impulsada por capitales chinos y ofrece diversos [&hellip;]<\/p>\n","protected":false},"author":4,"featured_media":111938,"comment_status":"closed","ping_status":"closed","sticky":false,"template":"","format":"standard","meta":{"om_disable_all_campaigns":false,"_jetpack_memberships_contains_paid_content":false,"footnotes":""},"categories":[50,2,103],"tags":[],"class_list":["post-115777","post","type-post","status-publish","format-standard","has-post-thumbnail","hentry","category-destacadas","category-locales","category-policiales-locales"],"aioseo_notices":[],"gutentor_comment":0,"jetpack_featured_media_url":"https:\/\/eldiariodesanpedro.com.ar\/sitio\/wp-content\/uploads\/2022\/10\/20221029025417_san-pedro-4-1.jpg","jetpack_shortlink":"https:\/\/wp.me\/p6RhLt-u7n","jetpack_sharing_enabled":true,"_links":{"self":[{"href":"https:\/\/eldiariodesanpedro.com.ar\/sitio\/wp-json\/wp\/v2\/posts\/115777","targetHints":{"allow":["GET"]}}],"collection":[{"href":"https:\/\/eldiariodesanpedro.com.ar\/sitio\/wp-json\/wp\/v2\/posts"}],"about":[{"href":"https:\/\/eldiariodesanpedro.com.ar\/sitio\/wp-json\/wp\/v2\/types\/post"}],"author":[{"embeddable":true,"href":"https:\/\/eldiariodesanpedro.com.ar\/sitio\/wp-json\/wp\/v2\/users\/4"}],"replies":[{"embeddable":true,"href":"https:\/\/eldiariodesanpedro.com.ar\/sitio\/wp-json\/wp\/v2\/comments?post=115777"}],"version-history":[{"count":1,"href":"https:\/\/eldiariodesanpedro.com.ar\/sitio\/wp-json\/wp\/v2\/posts\/115777\/revisions"}],"predecessor-version":[{"id":115778,"href":"https:\/\/eldiariodesanpedro.com.ar\/sitio\/wp-json\/wp\/v2\/posts\/115777\/revisions\/115778"}],"wp:featuredmedia":[{"embeddable":true,"href":"https:\/\/eldiariodesanpedro.com.ar\/sitio\/wp-json\/wp\/v2\/media\/111938"}],"wp:attachment":[{"href":"https:\/\/eldiariodesanpedro.com.ar\/sitio\/wp-json\/wp\/v2\/media?parent=115777"}],"wp:term":[{"taxonomy":"category","embeddable":true,"href":"https:\/\/eldiariodesanpedro.com.ar\/sitio\/wp-json\/wp\/v2\/categories?post=115777"},{"taxonomy":"post_tag","embeddable":true,"href":"https:\/\/eldiariodesanpedro.com.ar\/sitio\/wp-json\/wp\/v2\/tags?post=115777"}],"curies":[{"name":"wp","href":"https:\/\/api.w.org\/{rel}","templated":true}]}}