{"id":115774,"date":"2023-03-09T12:22:57","date_gmt":"2023-03-09T15:22:57","guid":{"rendered":"https:\/\/eldiariodesanpedro.com.ar\/sitio\/?p=115774"},"modified":"2023-03-09T12:22:58","modified_gmt":"2023-03-09T15:22:58","slug":"ya-se-encuentra-abierta-la-inscripcion-para-los-juegos-bonaerenes-2023","status":"publish","type":"post","link":"https:\/\/eldiariodesanpedro.com.ar\/sitio\/ya-se-encuentra-abierta-la-inscripcion-para-los-juegos-bonaerenes-2023\/","title":{"rendered":"Ya se encuentra abierta la inscripci\u00f3n para los Juegos Bonaerenes 2023"},"content":{"rendered":"<!-- VideographyWP Plugin Message: Automatic video embedding prevented by plugin options. -->\n\n<p>Comienza la inscripci\u00f3n para los Juegos Bonaerences 2023 y ac\u00e1 te dejamos las diferentes categor\u00edas en las cuales podes participar.<\/p>\n\n\n\n<p>Categor\u00edas:<\/p>\n\n\n\n<p>&#x1f538;JUVENILES<br>A- SUB 15: podr\u00e1n inscribirse los nacidos en los a\u00f1os 2008, 2009, 2010 Y 2011.<br>B- SUB 18: podr\u00e1n inscribirse los nacidos en los a\u00f1os 2005, 2006 y 2007.<br>C- \u00daNICA: podr\u00e1n inscribirse los nacidos entre los a\u00f1os 2005 y 2011 inclusive.<br>&#x1f538;ADULTOS MAYORES<br>A- \u00daNICA: podr\u00e1n inscribirse los nacidos en el a\u00f1o 1963 inclusive y anteriores.<br>&#x1f538;UNIVERSITARIOS<br>B- \u00daNICA: podr\u00e1n inscribirse las personas nacidas entre los a\u00f1os 1964y 2005<br>Destinada a todos los estudiantes universitarios que se encuentran cursando en Universidades o bien en Institutos Terciarios<br>(carreras de 3 a\u00f1os o m\u00e1s de duraci\u00f3n), los mismos podr\u00e1n representar a:<br>A- A sus municipios de residencia, tal como figura en el D.N.I. al 31 de diciembre de 2022<br>B- A la universidad o instituci\u00f3n de la que son alumnos regulares<br>&#x1f538;PERSONAS CON DISCAPACIDAD (PCD)<br>A- \u00daNICA: podr\u00e1n inscribirse los nacidos en el a\u00f1o 2011 inclusive y anteriores<\/p>\n\n\n\n<p>Consultas e inscripci\u00f3n en el Centro Cultural Abelardo Castillo de lunes a viernes de 8 hs. a 20 hs. 25 de mayo 848.<\/p>\n","protected":false},"excerpt":{"rendered":"<p>Comienza la inscripci\u00f3n para los Juegos Bonaerences 2023 y ac\u00e1 te dejamos las diferentes categor\u00edas en las cuales podes participar. Categor\u00edas: &#x1f538;JUVENILESA- SUB 15: podr\u00e1n inscribirse los nacidos en los a\u00f1os 2008, 2009, 2010 Y 2011.B- SUB 18: podr\u00e1n inscribirse los nacidos en los a\u00f1os 2005, 2006 y 2007.C- \u00daNICA: podr\u00e1n inscribirse los nacidos entre [&hellip;]<\/p>\n","protected":false},"author":4,"featured_media":115775,"comment_status":"closed","ping_status":"closed","sticky":false,"template":"","format":"standard","meta":{"om_disable_all_campaigns":false,"_jetpack_memberships_contains_paid_content":false,"footnotes":""},"categories":[101,2],"tags":[197,696,3420,33,19],"class_list":["post-115774","post","type-post","status-publish","format-standard","has-post-thumbnail","hentry","category-interes-general-locales","category-locales","tag-buenos-aires","tag-interes-general","tag-juegos-bonaerenes-2023","tag-locales","tag-san-pedro"],"aioseo_notices":[],"gutentor_comment":0,"jetpack_featured_media_url":"https:\/\/eldiariodesanpedro.com.ar\/sitio\/wp-content\/uploads\/2023\/03\/08_juegos.jpg","jetpack_shortlink":"https:\/\/wp.me\/p6RhLt-u7k","jetpack_sharing_enabled":true,"_links":{"self":[{"href":"https:\/\/eldiariodesanpedro.com.ar\/sitio\/wp-json\/wp\/v2\/posts\/115774","targetHints":{"allow":["GET"]}}],"collection":[{"href":"https:\/\/eldiariodesanpedro.com.ar\/sitio\/wp-json\/wp\/v2\/posts"}],"about":[{"href":"https:\/\/eldiariodesanpedro.com.ar\/sitio\/wp-json\/wp\/v2\/types\/post"}],"author":[{"embeddable":true,"href":"https:\/\/eldiariodesanpedro.com.ar\/sitio\/wp-json\/wp\/v2\/users\/4"}],"replies":[{"embeddable":true,"href":"https:\/\/eldiariodesanpedro.com.ar\/sitio\/wp-json\/wp\/v2\/comments?post=115774"}],"version-history":[{"count":1,"href":"https:\/\/eldiariodesanpedro.com.ar\/sitio\/wp-json\/wp\/v2\/posts\/115774\/revisions"}],"predecessor-version":[{"id":115776,"href":"https:\/\/eldiariodesanpedro.com.ar\/sitio\/wp-json\/wp\/v2\/posts\/115774\/revisions\/115776"}],"wp:featuredmedia":[{"embeddable":true,"href":"https:\/\/eldiariodesanpedro.com.ar\/sitio\/wp-json\/wp\/v2\/media\/115775"}],"wp:attachment":[{"href":"https:\/\/eldiariodesanpedro.com.ar\/sitio\/wp-json\/wp\/v2\/media?parent=115774"}],"wp:term":[{"taxonomy":"category","embeddable":true,"href":"https:\/\/eldiariodesanpedro.com.ar\/sitio\/wp-json\/wp\/v2\/categories?post=115774"},{"taxonomy":"post_tag","embeddable":true,"href":"https:\/\/eldiariodesanpedro.com.ar\/sitio\/wp-json\/wp\/v2\/tags?post=115774"}],"curies":[{"name":"wp","href":"https:\/\/api.w.org\/{rel}","templated":true}]}}