{"id":115772,"date":"2023-03-09T12:17:36","date_gmt":"2023-03-09T15:17:36","guid":{"rendered":"https:\/\/eldiariodesanpedro.com.ar\/sitio\/?p=115772"},"modified":"2023-03-09T12:17:38","modified_gmt":"2023-03-09T15:17:38","slug":"campana-de-vacunacion-para-caninos-y-felinos-este-viernes-2","status":"publish","type":"post","link":"https:\/\/eldiariodesanpedro.com.ar\/sitio\/campana-de-vacunacion-para-caninos-y-felinos-este-viernes-2\/","title":{"rendered":"Campa\u00f1a de Vacunaci\u00f3n para caninos y felinos este viernes"},"content":{"rendered":"<!-- VideographyWP Plugin Message: Automatic video embedding prevented by plugin options. -->\n\n<p>El Departamento Canino de la Secretar\u00eda de Salud informa que, continuando con la campa\u00f1a de vacunaci\u00f3n para perros y gatos, el viernes 10 de marzo entre las 9 y las 12 hs. se instalar\u00e1 un equipo del \u00e1rea en calle Esqui\u00fa, entre Salta y Rivadavia del barrio Los Aromos.<\/p>\n\n\n\n<p>Se invita a quienes deseen acercar a sus mascotas con collar, correa y bozal en caso de caninos y en bolso o manta los felinos.<\/p>\n","protected":false},"excerpt":{"rendered":"<p>El Departamento Canino de la Secretar\u00eda de Salud informa que, continuando con la campa\u00f1a de vacunaci\u00f3n para perros y gatos, el viernes 10 de marzo entre las 9 y las 12 hs. se instalar\u00e1 un equipo del \u00e1rea en calle Esqui\u00fa, entre Salta y Rivadavia del barrio Los Aromos. Se invita a quienes deseen acercar [&hellip;]<\/p>\n","protected":false},"author":4,"featured_media":97983,"comment_status":"closed","ping_status":"closed","sticky":false,"template":"","format":"standard","meta":{"om_disable_all_campaigns":false,"_jetpack_memberships_contains_paid_content":false,"footnotes":""},"categories":[101,2],"tags":[197,696,33,19],"class_list":["post-115772","post","type-post","status-publish","format-standard","has-post-thumbnail","hentry","category-interes-general-locales","category-locales","tag-buenos-aires","tag-interes-general","tag-locales","tag-san-pedro"],"aioseo_notices":[],"gutentor_comment":0,"jetpack_featured_media_url":"https:\/\/eldiariodesanpedro.com.ar\/sitio\/wp-content\/uploads\/2021\/08\/vacunas-para-perros-768x512-1.jpg","jetpack_shortlink":"https:\/\/wp.me\/p6RhLt-u7i","jetpack_sharing_enabled":true,"_links":{"self":[{"href":"https:\/\/eldiariodesanpedro.com.ar\/sitio\/wp-json\/wp\/v2\/posts\/115772","targetHints":{"allow":["GET"]}}],"collection":[{"href":"https:\/\/eldiariodesanpedro.com.ar\/sitio\/wp-json\/wp\/v2\/posts"}],"about":[{"href":"https:\/\/eldiariodesanpedro.com.ar\/sitio\/wp-json\/wp\/v2\/types\/post"}],"author":[{"embeddable":true,"href":"https:\/\/eldiariodesanpedro.com.ar\/sitio\/wp-json\/wp\/v2\/users\/4"}],"replies":[{"embeddable":true,"href":"https:\/\/eldiariodesanpedro.com.ar\/sitio\/wp-json\/wp\/v2\/comments?post=115772"}],"version-history":[{"count":1,"href":"https:\/\/eldiariodesanpedro.com.ar\/sitio\/wp-json\/wp\/v2\/posts\/115772\/revisions"}],"predecessor-version":[{"id":115773,"href":"https:\/\/eldiariodesanpedro.com.ar\/sitio\/wp-json\/wp\/v2\/posts\/115772\/revisions\/115773"}],"wp:featuredmedia":[{"embeddable":true,"href":"https:\/\/eldiariodesanpedro.com.ar\/sitio\/wp-json\/wp\/v2\/media\/97983"}],"wp:attachment":[{"href":"https:\/\/eldiariodesanpedro.com.ar\/sitio\/wp-json\/wp\/v2\/media?parent=115772"}],"wp:term":[{"taxonomy":"category","embeddable":true,"href":"https:\/\/eldiariodesanpedro.com.ar\/sitio\/wp-json\/wp\/v2\/categories?post=115772"},{"taxonomy":"post_tag","embeddable":true,"href":"https:\/\/eldiariodesanpedro.com.ar\/sitio\/wp-json\/wp\/v2\/tags?post=115772"}],"curies":[{"name":"wp","href":"https:\/\/api.w.org\/{rel}","templated":true}]}}