{"id":115741,"date":"2023-03-09T10:56:04","date_gmt":"2023-03-09T13:56:04","guid":{"rendered":"https:\/\/eldiariodesanpedro.com.ar\/sitio\/?p=115741"},"modified":"2023-03-09T10:56:06","modified_gmt":"2023-03-09T13:56:06","slug":"8m-acto-por-el-dia-internacional-de-la-mujer-en-san-pedro","status":"publish","type":"post","link":"https:\/\/eldiariodesanpedro.com.ar\/sitio\/8m-acto-por-el-dia-internacional-de-la-mujer-en-san-pedro\/","title":{"rendered":"#8M: Acto por el D\u00eda internacional de la Mujer en San Pedro"},"content":{"rendered":"<!-- VideographyWP Plugin Message: Automatic video embedding prevented by plugin options. -->\n\n<p>Este mi\u00e9rcoles 8 el intendente Ram\u00f3n Salazar encabez\u00f3 el acto de la Municipalidad de San Pedro, con motivo del D\u00eda internacional de la mujer, en el Paseo Agenor Almada, con la organizaci\u00f3n de la secretar\u00eda de Pol\u00edticas de G\u00e9nero, Mujeres y Diversidad y la secretar\u00eda de Turismo y Cultura.<\/p>\n\n\n\n<p>El acto cont\u00f3 con las palabras de la secretaria Laura Monfasani y el propio jefe comunal. Ambos destacaron la importancia de estar, por primera vez en la ciudad, compartiendo un acto con las organizaciones feministas y de diversidad que llegaron al acto como destino de la tradicional marcha del 8M.<\/p>\n\n\n\n<p>Desde la conformaci\u00f3n de la Secretar\u00eda, y con eje especialmente en el marco de la Mesa Local de Atenci\u00f3n y Prevenci\u00f3n de la Violencia de G\u00e9nero y Familiar, el Estado municipal ha avanzado en la articulaci\u00f3n y el trabajo en red con las organizaciones de la sociedad civil y pol\u00edticas que desde hace muchos a\u00f1os trabajan en la tem\u00e1tica de g\u00e9nero.<\/p>\n\n\n\n<p>El intendente Ram\u00f3n Salazar renov\u00f3 el compromiso del Estado municipal de seguir acompa\u00f1ando y brindando respuestas a las demandas en torno a las problem\u00e1ticas de g\u00e9nero, destacando la decisi\u00f3n pol\u00edtica de contar con una de las pocas \u00e1reas de g\u00e9nero con rango de Secretar\u00eda en la provincia de Buenos Aires. Adem\u00e1s destac\u00f3 el trabajo diario del \u00e1rea en el acompa\u00f1amiento y contenci\u00f3n de las mujeres y diversidades en situaci\u00f3n de violencia por razones de g\u00e9nero.<\/p>\n\n\n\n<p>El acto cont\u00f3 con la actuaci\u00f3n de las mujeres de la Compa\u00f1\u00eda de interpretaciones art\u00edsticas Pampa y R\u00edo, que interpretaron \u201cPor vos, por ella y por m\u00ed\u201d, inspirada en la chacarera \u201cEl Grito\u201d, de Roc\u00edo Araujo; el ballet Oro Verde, a cargo de la profesora Roc\u00edo Cipolla, quienes interpretaron el tema \u00abManos de Mujeres\u00bb; y el cierre en la voz de Vanesa Maedecena, quien interpret\u00f3 dos tangos, \u00abMalena\u00bb y \u00abGrisel\u00bb, acompa\u00f1ada por la pareja de bailarines integrada por Carlitos Ferreyra y Marita.<\/p>\n\n\n\n<p>La jornada cont\u00f3 adem\u00e1s con la presencia del secretario de Gobierno Mart\u00edn Baraybar; de Coordinaci\u00f3n Luciano Arias; de Turismo y Cultura, Marcela Cu\u00f1er; de Seguridad Juan Carlos Ag\u00fcero; de Obras P\u00fablicas Ariel \u00c1lvarez; de Salud Pablo Pichioni; la Presidenta interina del Concejo Deliberante Rita Leguizam\u00f3n; los concejales Juan Cruz Gonz\u00e1lez; Candelaria Cuscuela; Pablo Vlaeminck; titular de la Estaci\u00f3n de Polic\u00eda Comunal de San Pedro Comisario Mayor Germ\u00e1n Pahuasi; la titular de la Comisar\u00eda de San Pedro Valeria Sosa; la jefa de la Comisar\u00eda de la Mujer y la Familia, Oficial Principal Mariana Aguila.<\/p>\n\n\n\n<iframe data-src=\"https:\/\/www.facebook.com\/plugins\/video.php?height=314&#038;href=https%3A%2F%2Fwww.facebook.com%2Feldiario.sanpedro.7%2Fvideos%2F230576146115642%2F&#038;show_text=false&#038;width=560&#038;t=0\" width=\"560\" height=\"314\" style=\"border:none;overflow:hidden\" scrolling=\"no\" frameborder=\"0\" allowfullscreen=\"true\" allow=\"autoplay; clipboard-write; encrypted-media; picture-in-picture; web-share\" allowFullScreen=\"true\" src=\"data:image\/svg+xml;base64,PHN2ZyB3aWR0aD0iMSIgaGVpZ2h0PSIxIiB4bWxucz0iaHR0cDovL3d3dy53My5vcmcvMjAwMC9zdmciPjwvc3ZnPg==\" class=\"lazyload\" data-load-mode=\"1\"><\/iframe>\n","protected":false},"excerpt":{"rendered":"<p>Este mi\u00e9rcoles 8 el intendente Ram\u00f3n Salazar encabez\u00f3 el acto de la Municipalidad de San Pedro, con motivo del D\u00eda internacional de la mujer, en el Paseo Agenor Almada, con la organizaci\u00f3n de la secretar\u00eda de Pol\u00edticas de G\u00e9nero, Mujeres y Diversidad y la secretar\u00eda de Turismo y Cultura. El acto cont\u00f3 con las palabras [&hellip;]<\/p>\n","protected":false},"author":4,"featured_media":115749,"comment_status":"closed","ping_status":"closed","sticky":false,"template":"","format":"standard","meta":{"om_disable_all_campaigns":false,"_jetpack_memberships_contains_paid_content":false,"footnotes":""},"categories":[50,101,2],"tags":[197,696,33,19],"class_list":["post-115741","post","type-post","status-publish","format-standard","has-post-thumbnail","hentry","category-destacadas","category-interes-general-locales","category-locales","tag-buenos-aires","tag-interes-general","tag-locales","tag-san-pedro"],"aioseo_notices":[],"gutentor_comment":0,"jetpack_featured_media_url":"https:\/\/eldiariodesanpedro.com.ar\/sitio\/wp-content\/uploads\/2023\/03\/334457907_1330640690853883_7287671634560094252_n.jpg","jetpack_shortlink":"https:\/\/wp.me\/p6RhLt-u6N","jetpack_sharing_enabled":true,"_links":{"self":[{"href":"https:\/\/eldiariodesanpedro.com.ar\/sitio\/wp-json\/wp\/v2\/posts\/115741","targetHints":{"allow":["GET"]}}],"collection":[{"href":"https:\/\/eldiariodesanpedro.com.ar\/sitio\/wp-json\/wp\/v2\/posts"}],"about":[{"href":"https:\/\/eldiariodesanpedro.com.ar\/sitio\/wp-json\/wp\/v2\/types\/post"}],"author":[{"embeddable":true,"href":"https:\/\/eldiariodesanpedro.com.ar\/sitio\/wp-json\/wp\/v2\/users\/4"}],"replies":[{"embeddable":true,"href":"https:\/\/eldiariodesanpedro.com.ar\/sitio\/wp-json\/wp\/v2\/comments?post=115741"}],"version-history":[{"count":1,"href":"https:\/\/eldiariodesanpedro.com.ar\/sitio\/wp-json\/wp\/v2\/posts\/115741\/revisions"}],"predecessor-version":[{"id":115750,"href":"https:\/\/eldiariodesanpedro.com.ar\/sitio\/wp-json\/wp\/v2\/posts\/115741\/revisions\/115750"}],"wp:featuredmedia":[{"embeddable":true,"href":"https:\/\/eldiariodesanpedro.com.ar\/sitio\/wp-json\/wp\/v2\/media\/115749"}],"wp:attachment":[{"href":"https:\/\/eldiariodesanpedro.com.ar\/sitio\/wp-json\/wp\/v2\/media?parent=115741"}],"wp:term":[{"taxonomy":"category","embeddable":true,"href":"https:\/\/eldiariodesanpedro.com.ar\/sitio\/wp-json\/wp\/v2\/categories?post=115741"},{"taxonomy":"post_tag","embeddable":true,"href":"https:\/\/eldiariodesanpedro.com.ar\/sitio\/wp-json\/wp\/v2\/tags?post=115741"}],"curies":[{"name":"wp","href":"https:\/\/api.w.org\/{rel}","templated":true}]}}