{"id":115738,"date":"2023-03-09T10:45:31","date_gmt":"2023-03-09T13:45:31","guid":{"rendered":"https:\/\/eldiariodesanpedro.com.ar\/sitio\/?p=115738"},"modified":"2023-03-09T12:47:45","modified_gmt":"2023-03-09T15:47:45","slug":"encontraron-sin-vida-a-un-joven-detras-de-la-cancha-de-independencia","status":"publish","type":"post","link":"https:\/\/eldiariodesanpedro.com.ar\/sitio\/encontraron-sin-vida-a-un-joven-detras-de-la-cancha-de-independencia\/","title":{"rendered":"Encontraron sin vida a un joven detr\u00e1s de la cancha de Independencia"},"content":{"rendered":"<!-- VideographyWP Plugin Message: Automatic video embedding prevented by plugin options. -->\n\n<p>En la primer ahora de la jornada de hoy dos personas que circulaban por la v\u00eda publica encontraron sin vida a una persona tirada en el piso por lo que r\u00e1pidamente dieron aviso a la polic\u00eda de nuestra ciudad.<\/p>\n\n\n\n<p>En el lugar se hicieron presentes efectivos policiales y ambulancia del SAME que determinaron que este joven de 25 a\u00f1os de edad se habr\u00eda quitado la vida.<\/p>\n\n\n\n<p>En el lugar se hizo presente Polic\u00eda Cient\u00edfica para determinar lo sucedido.<\/p>\n","protected":false},"excerpt":{"rendered":"<p>En la primer ahora de la jornada de hoy dos personas que circulaban por la v\u00eda publica encontraron sin vida a una persona tirada en el piso por lo que r\u00e1pidamente dieron aviso a la polic\u00eda de nuestra ciudad. En el lugar se hicieron presentes efectivos policiales y ambulancia del SAME que determinaron que este [&hellip;]<\/p>\n","protected":false},"author":4,"featured_media":115739,"comment_status":"closed","ping_status":"closed","sticky":false,"template":"","format":"standard","meta":{"om_disable_all_campaigns":false,"_jetpack_memberships_contains_paid_content":false,"footnotes":""},"categories":[50,2,103],"tags":[197,95,19],"class_list":["post-115738","post","type-post","status-publish","format-standard","has-post-thumbnail","hentry","category-destacadas","category-locales","category-policiales-locales","tag-buenos-aires","tag-policiales","tag-san-pedro"],"aioseo_notices":[],"gutentor_comment":0,"jetpack_featured_media_url":"https:\/\/eldiariodesanpedro.com.ar\/sitio\/wp-content\/uploads\/2023\/03\/WhatsApp-Image-2023-03-09-at-09.42.30-rotated.jpeg","jetpack_shortlink":"https:\/\/wp.me\/p6RhLt-u6K","jetpack_sharing_enabled":true,"_links":{"self":[{"href":"https:\/\/eldiariodesanpedro.com.ar\/sitio\/wp-json\/wp\/v2\/posts\/115738","targetHints":{"allow":["GET"]}}],"collection":[{"href":"https:\/\/eldiariodesanpedro.com.ar\/sitio\/wp-json\/wp\/v2\/posts"}],"about":[{"href":"https:\/\/eldiariodesanpedro.com.ar\/sitio\/wp-json\/wp\/v2\/types\/post"}],"author":[{"embeddable":true,"href":"https:\/\/eldiariodesanpedro.com.ar\/sitio\/wp-json\/wp\/v2\/users\/4"}],"replies":[{"embeddable":true,"href":"https:\/\/eldiariodesanpedro.com.ar\/sitio\/wp-json\/wp\/v2\/comments?post=115738"}],"version-history":[{"count":1,"href":"https:\/\/eldiariodesanpedro.com.ar\/sitio\/wp-json\/wp\/v2\/posts\/115738\/revisions"}],"predecessor-version":[{"id":115740,"href":"https:\/\/eldiariodesanpedro.com.ar\/sitio\/wp-json\/wp\/v2\/posts\/115738\/revisions\/115740"}],"wp:featuredmedia":[{"embeddable":true,"href":"https:\/\/eldiariodesanpedro.com.ar\/sitio\/wp-json\/wp\/v2\/media\/115739"}],"wp:attachment":[{"href":"https:\/\/eldiariodesanpedro.com.ar\/sitio\/wp-json\/wp\/v2\/media?parent=115738"}],"wp:term":[{"taxonomy":"category","embeddable":true,"href":"https:\/\/eldiariodesanpedro.com.ar\/sitio\/wp-json\/wp\/v2\/categories?post=115738"},{"taxonomy":"post_tag","embeddable":true,"href":"https:\/\/eldiariodesanpedro.com.ar\/sitio\/wp-json\/wp\/v2\/tags?post=115738"}],"curies":[{"name":"wp","href":"https:\/\/api.w.org\/{rel}","templated":true}]}}