{"id":115608,"date":"2023-03-03T12:14:03","date_gmt":"2023-03-03T15:14:03","guid":{"rendered":"https:\/\/eldiariodesanpedro.com.ar\/sitio\/?p=115608"},"modified":"2023-03-03T12:14:05","modified_gmt":"2023-03-03T15:14:05","slug":"un-nino-de-6-anos-fue-atropellado-por-un-motociclista-y-en-otro-accidente-una-beba-de-5-meses-resulto-herida","status":"publish","type":"post","link":"https:\/\/eldiariodesanpedro.com.ar\/sitio\/un-nino-de-6-anos-fue-atropellado-por-un-motociclista-y-en-otro-accidente-una-beba-de-5-meses-resulto-herida\/","title":{"rendered":"Un ni\u00f1o de 6 a\u00f1os fue atropellado por un motociclista, y en otro accidente una beba de 5 meses resulto herida"},"content":{"rendered":"<!-- VideographyWP Plugin Message: Automatic video embedding prevented by plugin options. -->\n\n<p>Este jueves la polic\u00eda informo a trav\u00e9s de su parte oficial dos accidentes de tr\u00e1nsito donde dos ni\u00f1os se vieron herido en diferentes hechos.<\/p>\n\n\n\n<p>En el d\u00eda de ayer el personal policial acude a 11 de Septiembre al 1800, donde por razones que se tratan de establecer colisiona motocicleta marca Keller 110 c.c., conducida masculino de 46 a\u00f1os de edad con peat\u00f3n un ni\u00f1o de 6 a\u00f1os de edad, que resulta \u00e9ste \u00faltimo trasladado por terceros no identificados y escoltado por conductor de motocicleta a Guardia de pediatr\u00eda de nosocomio local, presentando lesiones leves.<\/p>\n\n\n\n<p>En la misma jornada otro m\u00f3vil policial se dirige a calle Ruiz Moreno y 24 de Febrero, donde por razones que se tratan de establecer colisionan un autom\u00f3vil&nbsp; conducido por masculino de&nbsp; 19 a\u00f1os de edad con motocicleta guiada por joven de 29 a\u00f1os quien adem\u00e1s llebava como acompa\u00f1antes a otra mujer y una bebea de 5 meses. Como resultado del impacto los tres ocupantes del rodado menor fueron trasladados al nosocomio local, conductora de motocicleta lesiones car\u00e1cter leves, y acompa\u00f1ante lesiones a determinar.<\/p>\n","protected":false},"excerpt":{"rendered":"<p>Este jueves la polic\u00eda informo a trav\u00e9s de su parte oficial dos accidentes de tr\u00e1nsito donde dos ni\u00f1os se vieron herido en diferentes hechos. En el d\u00eda de ayer el personal policial acude a 11 de Septiembre al 1800, donde por razones que se tratan de establecer colisiona motocicleta marca Keller 110 c.c., conducida masculino [&hellip;]<\/p>\n","protected":false},"author":4,"featured_media":115609,"comment_status":"closed","ping_status":"closed","sticky":false,"template":"","format":"standard","meta":{"om_disable_all_campaigns":false,"_jetpack_memberships_contains_paid_content":false,"footnotes":""},"categories":[2,103],"tags":[197,33,95,19],"class_list":["post-115608","post","type-post","status-publish","format-standard","has-post-thumbnail","hentry","category-locales","category-policiales-locales","tag-buenos-aires","tag-locales","tag-policiales","tag-san-pedro"],"aioseo_notices":[],"gutentor_comment":0,"jetpack_featured_media_url":"https:\/\/eldiariodesanpedro.com.ar\/sitio\/wp-content\/uploads\/2023\/03\/medida-2.jpg","jetpack_shortlink":"https:\/\/wp.me\/p6RhLt-u4E","jetpack_sharing_enabled":true,"_links":{"self":[{"href":"https:\/\/eldiariodesanpedro.com.ar\/sitio\/wp-json\/wp\/v2\/posts\/115608","targetHints":{"allow":["GET"]}}],"collection":[{"href":"https:\/\/eldiariodesanpedro.com.ar\/sitio\/wp-json\/wp\/v2\/posts"}],"about":[{"href":"https:\/\/eldiariodesanpedro.com.ar\/sitio\/wp-json\/wp\/v2\/types\/post"}],"author":[{"embeddable":true,"href":"https:\/\/eldiariodesanpedro.com.ar\/sitio\/wp-json\/wp\/v2\/users\/4"}],"replies":[{"embeddable":true,"href":"https:\/\/eldiariodesanpedro.com.ar\/sitio\/wp-json\/wp\/v2\/comments?post=115608"}],"version-history":[{"count":1,"href":"https:\/\/eldiariodesanpedro.com.ar\/sitio\/wp-json\/wp\/v2\/posts\/115608\/revisions"}],"predecessor-version":[{"id":115610,"href":"https:\/\/eldiariodesanpedro.com.ar\/sitio\/wp-json\/wp\/v2\/posts\/115608\/revisions\/115610"}],"wp:featuredmedia":[{"embeddable":true,"href":"https:\/\/eldiariodesanpedro.com.ar\/sitio\/wp-json\/wp\/v2\/media\/115609"}],"wp:attachment":[{"href":"https:\/\/eldiariodesanpedro.com.ar\/sitio\/wp-json\/wp\/v2\/media?parent=115608"}],"wp:term":[{"taxonomy":"category","embeddable":true,"href":"https:\/\/eldiariodesanpedro.com.ar\/sitio\/wp-json\/wp\/v2\/categories?post=115608"},{"taxonomy":"post_tag","embeddable":true,"href":"https:\/\/eldiariodesanpedro.com.ar\/sitio\/wp-json\/wp\/v2\/tags?post=115608"}],"curies":[{"name":"wp","href":"https:\/\/api.w.org\/{rel}","templated":true}]}}