{"id":115604,"date":"2023-03-03T11:20:22","date_gmt":"2023-03-03T14:20:22","guid":{"rendered":"https:\/\/eldiariodesanpedro.com.ar\/sitio\/?p=115604"},"modified":"2023-03-03T11:20:23","modified_gmt":"2023-03-03T14:20:23","slug":"dos-aprehendidos-por-tenencia-de-marihuana-y-una-motocicleta-sin-documentacion","status":"publish","type":"post","link":"https:\/\/eldiariodesanpedro.com.ar\/sitio\/dos-aprehendidos-por-tenencia-de-marihuana-y-una-motocicleta-sin-documentacion\/","title":{"rendered":"Dos aprehendidos por tenencia de marihuana y una motocicleta sin documentaci\u00f3n"},"content":{"rendered":"<!-- VideographyWP Plugin Message: Automatic video embedding prevented by plugin options. -->\n\n<p>Este jueves en horas de la tarde el personal policial de la comisar\u00eda de San Pedro en conjunto con destacamento de Rio Tala y GTO San Pedro, se hacen presentes en el acceso de la f\u00e1brica Papel Prensa aprehenden a un ciudadano de 35 a\u00f1os y otro de 29 secuestr\u00e1ndole un trozo compacto de Cannabis Sativa y dos 2 g de Coca\u00edna, adem\u00e1s se procede a incautaci\u00f3n de Motomel 150 cc en la que circulaban por carecer documentaci\u00f3n.<\/p>\n\n\n\n<p>Intervino la UFI de turno quien dispuso notificaci\u00f3n de causa&nbsp; y posterior libertad.&nbsp; , intervenci\u00f3n Juzgado de Faltas.<\/p>\n","protected":false},"excerpt":{"rendered":"<p>Este jueves en horas de la tarde el personal policial de la comisar\u00eda de San Pedro en conjunto con destacamento de Rio Tala y GTO San Pedro, se hacen presentes en el acceso de la f\u00e1brica Papel Prensa aprehenden a un ciudadano de 35 a\u00f1os y otro de 29 secuestr\u00e1ndole un trozo compacto de Cannabis [&hellip;]<\/p>\n","protected":false},"author":4,"featured_media":115605,"comment_status":"closed","ping_status":"closed","sticky":false,"template":"","format":"standard","meta":{"om_disable_all_campaigns":false,"_jetpack_memberships_contains_paid_content":false,"footnotes":""},"categories":[2,103],"tags":[197,33,95,19],"class_list":["post-115604","post","type-post","status-publish","format-standard","has-post-thumbnail","hentry","category-locales","category-policiales-locales","tag-buenos-aires","tag-locales","tag-policiales","tag-san-pedro"],"aioseo_notices":[],"gutentor_comment":0,"jetpack_featured_media_url":"https:\/\/eldiariodesanpedro.com.ar\/sitio\/wp-content\/uploads\/2023\/03\/medida-1.jpg","jetpack_shortlink":"https:\/\/wp.me\/p6RhLt-u4A","jetpack_sharing_enabled":true,"_links":{"self":[{"href":"https:\/\/eldiariodesanpedro.com.ar\/sitio\/wp-json\/wp\/v2\/posts\/115604","targetHints":{"allow":["GET"]}}],"collection":[{"href":"https:\/\/eldiariodesanpedro.com.ar\/sitio\/wp-json\/wp\/v2\/posts"}],"about":[{"href":"https:\/\/eldiariodesanpedro.com.ar\/sitio\/wp-json\/wp\/v2\/types\/post"}],"author":[{"embeddable":true,"href":"https:\/\/eldiariodesanpedro.com.ar\/sitio\/wp-json\/wp\/v2\/users\/4"}],"replies":[{"embeddable":true,"href":"https:\/\/eldiariodesanpedro.com.ar\/sitio\/wp-json\/wp\/v2\/comments?post=115604"}],"version-history":[{"count":1,"href":"https:\/\/eldiariodesanpedro.com.ar\/sitio\/wp-json\/wp\/v2\/posts\/115604\/revisions"}],"predecessor-version":[{"id":115606,"href":"https:\/\/eldiariodesanpedro.com.ar\/sitio\/wp-json\/wp\/v2\/posts\/115604\/revisions\/115606"}],"wp:featuredmedia":[{"embeddable":true,"href":"https:\/\/eldiariodesanpedro.com.ar\/sitio\/wp-json\/wp\/v2\/media\/115605"}],"wp:attachment":[{"href":"https:\/\/eldiariodesanpedro.com.ar\/sitio\/wp-json\/wp\/v2\/media?parent=115604"}],"wp:term":[{"taxonomy":"category","embeddable":true,"href":"https:\/\/eldiariodesanpedro.com.ar\/sitio\/wp-json\/wp\/v2\/categories?post=115604"},{"taxonomy":"post_tag","embeddable":true,"href":"https:\/\/eldiariodesanpedro.com.ar\/sitio\/wp-json\/wp\/v2\/tags?post=115604"}],"curies":[{"name":"wp","href":"https:\/\/api.w.org\/{rel}","templated":true}]}}