{"id":115602,"date":"2023-03-03T11:09:15","date_gmt":"2023-03-03T14:09:15","guid":{"rendered":"https:\/\/eldiariodesanpedro.com.ar\/sitio\/?p=115602"},"modified":"2023-03-03T11:09:17","modified_gmt":"2023-03-03T14:09:17","slug":"una-mujer-denuncio-haber-sido-atropellada-por-una-moto-dias-atras","status":"publish","type":"post","link":"https:\/\/eldiariodesanpedro.com.ar\/sitio\/una-mujer-denuncio-haber-sido-atropellada-por-una-moto-dias-atras\/","title":{"rendered":"Una mujer denunci\u00f3 haber sido atropellada por una moto d\u00edas atr\u00e1s"},"content":{"rendered":"<!-- VideographyWP Plugin Message: Automatic video embedding prevented by plugin options. -->\n\n<p>En la jornada de ayer en la comisaria de nuestra ciudad denuncio una femenina de 45 a\u00f1os de edad que el pasado d\u00eda 18 de febrero alrededor de las 12:30 horas, momentos cruzaba la calle en Belgrano 1575 ciudad, es embestida por un masculino quien circulaba a bordo de motocicleta cilindrada 110 c.c. color negra.<\/p>\n\n\n\n<p>Como consecuencias del impacto, \u00e9sta sufre lesiones leves de no mediar complicaciones.<\/p>\n\n\n\n<p>Sin intervenci\u00f3n policial. Interviene UFI N\u00b07.-<\/p>\n","protected":false},"excerpt":{"rendered":"<p>En la jornada de ayer en la comisaria de nuestra ciudad denuncio una femenina de 45 a\u00f1os de edad que el pasado d\u00eda 18 de febrero alrededor de las 12:30 horas, momentos cruzaba la calle en Belgrano 1575 ciudad, es embestida por un masculino quien circulaba a bordo de motocicleta cilindrada 110 c.c. color negra. [&hellip;]<\/p>\n","protected":false},"author":4,"featured_media":56681,"comment_status":"closed","ping_status":"closed","sticky":false,"template":"","format":"standard","meta":{"om_disable_all_campaigns":false,"_jetpack_memberships_contains_paid_content":false,"footnotes":""},"categories":[2,103],"tags":[197,33,95,19],"class_list":["post-115602","post","type-post","status-publish","format-standard","has-post-thumbnail","hentry","category-locales","category-policiales-locales","tag-buenos-aires","tag-locales","tag-policiales","tag-san-pedro"],"aioseo_notices":[],"gutentor_comment":0,"jetpack_featured_media_url":"https:\/\/eldiariodesanpedro.com.ar\/sitio\/wp-content\/uploads\/2019\/07\/comisaria_san_pedro-_foto_la_opinion.jpg","jetpack_shortlink":"https:\/\/wp.me\/p6RhLt-u4y","jetpack_sharing_enabled":true,"_links":{"self":[{"href":"https:\/\/eldiariodesanpedro.com.ar\/sitio\/wp-json\/wp\/v2\/posts\/115602","targetHints":{"allow":["GET"]}}],"collection":[{"href":"https:\/\/eldiariodesanpedro.com.ar\/sitio\/wp-json\/wp\/v2\/posts"}],"about":[{"href":"https:\/\/eldiariodesanpedro.com.ar\/sitio\/wp-json\/wp\/v2\/types\/post"}],"author":[{"embeddable":true,"href":"https:\/\/eldiariodesanpedro.com.ar\/sitio\/wp-json\/wp\/v2\/users\/4"}],"replies":[{"embeddable":true,"href":"https:\/\/eldiariodesanpedro.com.ar\/sitio\/wp-json\/wp\/v2\/comments?post=115602"}],"version-history":[{"count":1,"href":"https:\/\/eldiariodesanpedro.com.ar\/sitio\/wp-json\/wp\/v2\/posts\/115602\/revisions"}],"predecessor-version":[{"id":115603,"href":"https:\/\/eldiariodesanpedro.com.ar\/sitio\/wp-json\/wp\/v2\/posts\/115602\/revisions\/115603"}],"wp:featuredmedia":[{"embeddable":true,"href":"https:\/\/eldiariodesanpedro.com.ar\/sitio\/wp-json\/wp\/v2\/media\/56681"}],"wp:attachment":[{"href":"https:\/\/eldiariodesanpedro.com.ar\/sitio\/wp-json\/wp\/v2\/media?parent=115602"}],"wp:term":[{"taxonomy":"category","embeddable":true,"href":"https:\/\/eldiariodesanpedro.com.ar\/sitio\/wp-json\/wp\/v2\/categories?post=115602"},{"taxonomy":"post_tag","embeddable":true,"href":"https:\/\/eldiariodesanpedro.com.ar\/sitio\/wp-json\/wp\/v2\/tags?post=115602"}],"curies":[{"name":"wp","href":"https:\/\/api.w.org\/{rel}","templated":true}]}}