{"id":115600,"date":"2023-03-03T10:59:26","date_gmt":"2023-03-03T13:59:26","guid":{"rendered":"https:\/\/eldiariodesanpedro.com.ar\/sitio\/?p=115600"},"modified":"2023-03-03T10:59:28","modified_gmt":"2023-03-03T13:59:28","slug":"anses-informa-que-este-mes-de-marzo-se-paga-la-ayuda-escolar-anual","status":"publish","type":"post","link":"https:\/\/eldiariodesanpedro.com.ar\/sitio\/anses-informa-que-este-mes-de-marzo-se-paga-la-ayuda-escolar-anual\/","title":{"rendered":"Anses informa que este mes de marzo se paga la ayuda escolar anual"},"content":{"rendered":"<!-- VideographyWP Plugin Message: Automatic video embedding prevented by plugin options. -->\n\n<p>Con el objetivo de acompa\u00f1ar a las familias de todo el pa\u00eds en el inicio del ciclo lectivo 2023,&nbsp;<strong>ANSES abona en marzo la Ayuda Escolar Anual para quienes cobran la Asignaci\u00f3n Universal o la Asignaci\u00f3n Familiar por Hija e Hijo<\/strong>.<\/p>\n\n\n\n<p>Este mes se realiza&nbsp;<strong>el pago autom\u00e1tico para las personas que hayan certificado que sus hijas e hijos, de entre 4 y 17 a\u00f1os inclusive, concurrieron a la escuela durante 2022<\/strong>. Mientras que las y los titulares a cargo de&nbsp;<strong>ni\u00f1as y ni\u00f1os menores de 4 a\u00f1os, mayores de 17 o con discapacidad sin l\u00edmite de edad que asistan a establecimientos incorporados a la ense\u00f1anza oficial reciben este apoyo econ\u00f3mico una vez que hayan presentado el&nbsp;<\/strong><a href=\"https:\/\/www.anses.gob.ar\/sites\/default\/files\/formulario\/2023-02\/PS268%20Formulario%20Ayuda%20Escolar%20Anual.pdf\" target=\"_blank\" rel=\"noreferrer noopener\"><strong>formulario PS 2.68<\/strong><\/a><strong>&nbsp;completo ante ANSES<\/strong>.<\/p>\n\n\n\n<p>Es importante recordar que,<strong>&nbsp;para percibir la Ayuda Escolar, es necesario que todas y todos los titulares de las asignaciones acrediten la escolaridad de sus hijas e hijos todos los a\u00f1os.<\/strong>&nbsp;Hay tiempo hasta el \u00faltimo d\u00eda h\u00e1bil de diciembre para realizar este tr\u00e1mite.<\/p>\n\n\n\n<p>El monto general es de 9609 pesos (y var\u00eda seg\u00fan la zona, en el caso la Asignaci\u00f3n Familiar por Hija e Hijo). El pago autom\u00e1tico se efect\u00faa junto a las asignaciones con el calendario de marzo que comienza el mi\u00e9rcoles 8.<\/p>\n\n\n\n<p><strong>C\u00f3mo acreditar la escolaridad<\/strong><\/p>\n\n\n\n<p>Para presentar el&nbsp;<a href=\"https:\/\/www.anses.gob.ar\/sites\/default\/files\/formulario\/2023-02\/PS268%20Formulario%20Ayuda%20Escolar%20Anual.pdf\" target=\"_blank\" rel=\"noreferrer noopener\">formulario PS.2.68<\/a>&nbsp;completo, las y los titulares de las asignaciones pueden acercarse sin turno a las oficinas de ANSES, o bien, ingresar a&nbsp;<a href=\"http:\/\/www.anses.gob.ar\/\" target=\"_blank\" rel=\"noreferrer noopener\">www.anses.gob.ar<\/a>&nbsp;y seguir estos pasos:<\/p>\n\n\n\n<p>1.&nbsp;&nbsp;&nbsp;&nbsp;Ingresar a&nbsp;<em>mi<\/em>&nbsp;<em>ANSES &gt; Hijas e Hijos &gt; Presentar un Certificado Escolar<\/em>&nbsp;para obtener el formulario para cada hija o hijo.<\/p>\n\n\n\n<p>2.&nbsp;&nbsp;&nbsp;&nbsp;Elegir&nbsp;<em>Generar Certificado<\/em>, completar los datos requeridos y seleccionar&nbsp;<em>Generar<\/em>.<\/p>\n\n\n\n<p>3.&nbsp;&nbsp;&nbsp;&nbsp;Imprimir el certificado y llevarlo a la instituci\u00f3n escolar para que lo completen y firmen.<\/p>\n\n\n\n<p>4.&nbsp;&nbsp;&nbsp;&nbsp;Ingresar nuevamente a&nbsp;<em>mi ANSES &gt; Hijas e Hijos &gt; Presentar Certificado Escolar<\/em>, seleccionar&nbsp;<em>Subir Certificado<\/em>&nbsp;y cargar la foto del formulario completo y firmado desde el celular o computadora.<\/p>\n\n\n\n<p>Para m\u00e1s informaci\u00f3n sobre la Ayuda Escolar Anual ingresar&nbsp;<a href=\"https:\/\/www.anses.gob.ar\/educacion\/ayuda-escolar-anual\" target=\"_blank\" rel=\"noreferrer noopener\">aqu\u00ed<\/a>.<\/p>\n","protected":false},"excerpt":{"rendered":"<p>Con el objetivo de acompa\u00f1ar a las familias de todo el pa\u00eds en el inicio del ciclo lectivo 2023,&nbsp;ANSES abona en marzo la Ayuda Escolar Anual para quienes cobran la Asignaci\u00f3n Universal o la Asignaci\u00f3n Familiar por Hija e Hijo. Este mes se realiza&nbsp;el pago autom\u00e1tico para las personas que hayan certificado que sus hijas [&hellip;]<\/p>\n","protected":false},"author":4,"featured_media":111293,"comment_status":"closed","ping_status":"closed","sticky":false,"template":"","format":"standard","meta":{"om_disable_all_campaigns":false,"_jetpack_memberships_contains_paid_content":false,"footnotes":""},"categories":[101,2],"tags":[197,696,33,19],"class_list":["post-115600","post","type-post","status-publish","format-standard","has-post-thumbnail","hentry","category-interes-general-locales","category-locales","tag-buenos-aires","tag-interes-general","tag-locales","tag-san-pedro"],"aioseo_notices":[],"gutentor_comment":0,"jetpack_featured_media_url":"https:\/\/eldiariodesanpedro.com.ar\/sitio\/wp-content\/uploads\/2022\/10\/anses.png","jetpack_shortlink":"https:\/\/wp.me\/p6RhLt-u4w","jetpack_sharing_enabled":true,"_links":{"self":[{"href":"https:\/\/eldiariodesanpedro.com.ar\/sitio\/wp-json\/wp\/v2\/posts\/115600","targetHints":{"allow":["GET"]}}],"collection":[{"href":"https:\/\/eldiariodesanpedro.com.ar\/sitio\/wp-json\/wp\/v2\/posts"}],"about":[{"href":"https:\/\/eldiariodesanpedro.com.ar\/sitio\/wp-json\/wp\/v2\/types\/post"}],"author":[{"embeddable":true,"href":"https:\/\/eldiariodesanpedro.com.ar\/sitio\/wp-json\/wp\/v2\/users\/4"}],"replies":[{"embeddable":true,"href":"https:\/\/eldiariodesanpedro.com.ar\/sitio\/wp-json\/wp\/v2\/comments?post=115600"}],"version-history":[{"count":1,"href":"https:\/\/eldiariodesanpedro.com.ar\/sitio\/wp-json\/wp\/v2\/posts\/115600\/revisions"}],"predecessor-version":[{"id":115601,"href":"https:\/\/eldiariodesanpedro.com.ar\/sitio\/wp-json\/wp\/v2\/posts\/115600\/revisions\/115601"}],"wp:featuredmedia":[{"embeddable":true,"href":"https:\/\/eldiariodesanpedro.com.ar\/sitio\/wp-json\/wp\/v2\/media\/111293"}],"wp:attachment":[{"href":"https:\/\/eldiariodesanpedro.com.ar\/sitio\/wp-json\/wp\/v2\/media?parent=115600"}],"wp:term":[{"taxonomy":"category","embeddable":true,"href":"https:\/\/eldiariodesanpedro.com.ar\/sitio\/wp-json\/wp\/v2\/categories?post=115600"},{"taxonomy":"post_tag","embeddable":true,"href":"https:\/\/eldiariodesanpedro.com.ar\/sitio\/wp-json\/wp\/v2\/tags?post=115600"}],"curies":[{"name":"wp","href":"https:\/\/api.w.org\/{rel}","templated":true}]}}