{"id":115597,"date":"2023-03-02T22:45:47","date_gmt":"2023-03-03T01:45:47","guid":{"rendered":"https:\/\/eldiariodesanpedro.com.ar\/sitio\/?p=115597"},"modified":"2023-03-02T22:45:48","modified_gmt":"2023-03-03T01:45:48","slug":"un-joven-acusado-de-robar-una-motosierra-fue-golpeado-por-su-vecino","status":"publish","type":"post","link":"https:\/\/eldiariodesanpedro.com.ar\/sitio\/un-joven-acusado-de-robar-una-motosierra-fue-golpeado-por-su-vecino\/","title":{"rendered":"Un joven acusado de robar una motosierra fue golpeado por su vecino"},"content":{"rendered":"<!-- VideographyWP Plugin Message: Automatic video embedding prevented by plugin options. -->\n\n<p>En la madrugada de hoy jueves en la comisar\u00eda local de la ciudad una mujer de 23 a\u00f1os de edad realizo una denuncia.<\/p>\n\n\n\n<p>Seg\u00fan testifico la joven alrededor de las 20 hs cuando se encontraba en la puerta de su domicilio ubicado en calle colon al 1900, otro ciudadano vecino a quien conoce se acerca para reclamarle a su hermano de 17 a\u00f1os, de haberle robado una motosierra de su garaje, y sin medir palabras el vecino le propina una trompada en la cara al menor adem\u00e1s de amenazarlo.<\/p>\n\n\n\n<p>EL joven sufri\u00f3 lesiones leves y su vecino se retir\u00f3 del lugar.<\/p>\n","protected":false},"excerpt":{"rendered":"<p>En la madrugada de hoy jueves en la comisar\u00eda local de la ciudad una mujer de 23 a\u00f1os de edad realizo una denuncia. Seg\u00fan testifico la joven alrededor de las 20 hs cuando se encontraba en la puerta de su domicilio ubicado en calle colon al 1900, otro ciudadano vecino a quien conoce se acerca [&hellip;]<\/p>\n","protected":false},"author":4,"featured_media":57215,"comment_status":"closed","ping_status":"closed","sticky":false,"template":"","format":"standard","meta":{"om_disable_all_campaigns":false,"_jetpack_memberships_contains_paid_content":false,"footnotes":""},"categories":[2,103],"tags":[197,33,95,19],"class_list":["post-115597","post","type-post","status-publish","format-standard","has-post-thumbnail","hentry","category-locales","category-policiales-locales","tag-buenos-aires","tag-locales","tag-policiales","tag-san-pedro"],"aioseo_notices":[],"gutentor_comment":0,"jetpack_featured_media_url":"https:\/\/eldiariodesanpedro.com.ar\/sitio\/wp-content\/uploads\/2019\/07\/comisaria_1.jpg","jetpack_shortlink":"https:\/\/wp.me\/p6RhLt-u4t","jetpack_sharing_enabled":true,"_links":{"self":[{"href":"https:\/\/eldiariodesanpedro.com.ar\/sitio\/wp-json\/wp\/v2\/posts\/115597","targetHints":{"allow":["GET"]}}],"collection":[{"href":"https:\/\/eldiariodesanpedro.com.ar\/sitio\/wp-json\/wp\/v2\/posts"}],"about":[{"href":"https:\/\/eldiariodesanpedro.com.ar\/sitio\/wp-json\/wp\/v2\/types\/post"}],"author":[{"embeddable":true,"href":"https:\/\/eldiariodesanpedro.com.ar\/sitio\/wp-json\/wp\/v2\/users\/4"}],"replies":[{"embeddable":true,"href":"https:\/\/eldiariodesanpedro.com.ar\/sitio\/wp-json\/wp\/v2\/comments?post=115597"}],"version-history":[{"count":1,"href":"https:\/\/eldiariodesanpedro.com.ar\/sitio\/wp-json\/wp\/v2\/posts\/115597\/revisions"}],"predecessor-version":[{"id":115598,"href":"https:\/\/eldiariodesanpedro.com.ar\/sitio\/wp-json\/wp\/v2\/posts\/115597\/revisions\/115598"}],"wp:featuredmedia":[{"embeddable":true,"href":"https:\/\/eldiariodesanpedro.com.ar\/sitio\/wp-json\/wp\/v2\/media\/57215"}],"wp:attachment":[{"href":"https:\/\/eldiariodesanpedro.com.ar\/sitio\/wp-json\/wp\/v2\/media?parent=115597"}],"wp:term":[{"taxonomy":"category","embeddable":true,"href":"https:\/\/eldiariodesanpedro.com.ar\/sitio\/wp-json\/wp\/v2\/categories?post=115597"},{"taxonomy":"post_tag","embeddable":true,"href":"https:\/\/eldiariodesanpedro.com.ar\/sitio\/wp-json\/wp\/v2\/tags?post=115597"}],"curies":[{"name":"wp","href":"https:\/\/api.w.org\/{rel}","templated":true}]}}