{"id":115594,"date":"2023-03-02T22:29:10","date_gmt":"2023-03-03T01:29:10","guid":{"rendered":"https:\/\/eldiariodesanpedro.com.ar\/sitio\/?p=115594"},"modified":"2023-03-02T22:29:12","modified_gmt":"2023-03-03T01:29:12","slug":"una-vecina-denuncio-que-le-tiraron-piedras-y-una-bomba-molotov-a-su-domicilio","status":"publish","type":"post","link":"https:\/\/eldiariodesanpedro.com.ar\/sitio\/una-vecina-denuncio-que-le-tiraron-piedras-y-una-bomba-molotov-a-su-domicilio\/","title":{"rendered":"Una vecina denuncio que le tiraron piedras y una bomba molotov a su domicilio"},"content":{"rendered":"<!-- VideographyWP Plugin Message: Automatic video embedding prevented by plugin options. -->\n\n<p>En el d\u00eda de ayer mi\u00e9rcoles alrededor de las 20:30 horas denuncia&nbsp;una ciudadana de 66 a\u00f1osque el pasado martes promediando las 22.30 horas momentos que se encontraba en su domicilio comienzan arroj\u00e1ndoles piedras a su techo y que luego de eso escucha una explosi\u00f3n.<\/p>\n\n\n\n<p>Por lo que egresa de su domicilio y constata que sobre la pared al lado de una ventana de la finca hab\u00eda un foco \u00cdgneo la cual logra apagar por sus propios medios, afortunadamente no ocasionan da\u00f1os y nadie resulta lesionado.<\/p>\n\n\n\n<p>Posee sospechas de dos masculinos, hijos de una mujer con la cual posee conflicto de larga data por la propiedad.<\/p>\n","protected":false},"excerpt":{"rendered":"<p>En el d\u00eda de ayer mi\u00e9rcoles alrededor de las 20:30 horas denuncia&nbsp;una ciudadana de 66 a\u00f1osque el pasado martes promediando las 22.30 horas momentos que se encontraba en su domicilio comienzan arroj\u00e1ndoles piedras a su techo y que luego de eso escucha una explosi\u00f3n. Por lo que egresa de su domicilio y constata que sobre [&hellip;]<\/p>\n","protected":false},"author":4,"featured_media":115595,"comment_status":"closed","ping_status":"closed","sticky":false,"template":"","format":"standard","meta":{"om_disable_all_campaigns":false,"_jetpack_memberships_contains_paid_content":false,"footnotes":""},"categories":[2,103],"tags":[197,33,95,19],"class_list":["post-115594","post","type-post","status-publish","format-standard","has-post-thumbnail","hentry","category-locales","category-policiales-locales","tag-buenos-aires","tag-locales","tag-policiales","tag-san-pedro"],"aioseo_notices":[],"gutentor_comment":0,"jetpack_featured_media_url":"https:\/\/eldiariodesanpedro.com.ar\/sitio\/wp-content\/uploads\/2023\/03\/bombas-molotov-20220310-1324277.jpg","jetpack_shortlink":"https:\/\/wp.me\/p6RhLt-u4q","jetpack_sharing_enabled":true,"_links":{"self":[{"href":"https:\/\/eldiariodesanpedro.com.ar\/sitio\/wp-json\/wp\/v2\/posts\/115594","targetHints":{"allow":["GET"]}}],"collection":[{"href":"https:\/\/eldiariodesanpedro.com.ar\/sitio\/wp-json\/wp\/v2\/posts"}],"about":[{"href":"https:\/\/eldiariodesanpedro.com.ar\/sitio\/wp-json\/wp\/v2\/types\/post"}],"author":[{"embeddable":true,"href":"https:\/\/eldiariodesanpedro.com.ar\/sitio\/wp-json\/wp\/v2\/users\/4"}],"replies":[{"embeddable":true,"href":"https:\/\/eldiariodesanpedro.com.ar\/sitio\/wp-json\/wp\/v2\/comments?post=115594"}],"version-history":[{"count":1,"href":"https:\/\/eldiariodesanpedro.com.ar\/sitio\/wp-json\/wp\/v2\/posts\/115594\/revisions"}],"predecessor-version":[{"id":115596,"href":"https:\/\/eldiariodesanpedro.com.ar\/sitio\/wp-json\/wp\/v2\/posts\/115594\/revisions\/115596"}],"wp:featuredmedia":[{"embeddable":true,"href":"https:\/\/eldiariodesanpedro.com.ar\/sitio\/wp-json\/wp\/v2\/media\/115595"}],"wp:attachment":[{"href":"https:\/\/eldiariodesanpedro.com.ar\/sitio\/wp-json\/wp\/v2\/media?parent=115594"}],"wp:term":[{"taxonomy":"category","embeddable":true,"href":"https:\/\/eldiariodesanpedro.com.ar\/sitio\/wp-json\/wp\/v2\/categories?post=115594"},{"taxonomy":"post_tag","embeddable":true,"href":"https:\/\/eldiariodesanpedro.com.ar\/sitio\/wp-json\/wp\/v2\/tags?post=115594"}],"curies":[{"name":"wp","href":"https:\/\/api.w.org\/{rel}","templated":true}]}}