{"id":115592,"date":"2023-03-02T22:10:08","date_gmt":"2023-03-03T01:10:08","guid":{"rendered":"https:\/\/eldiariodesanpedro.com.ar\/sitio\/?p=115592"},"modified":"2023-03-02T22:10:10","modified_gmt":"2023-03-03T01:10:10","slug":"el-corte-de-luz-se-debio-a-un-inconveniente-en-un-transformador-de-intensidad-de-la-et-sp1","status":"publish","type":"post","link":"https:\/\/eldiariodesanpedro.com.ar\/sitio\/el-corte-de-luz-se-debio-a-un-inconveniente-en-un-transformador-de-intensidad-de-la-et-sp1\/","title":{"rendered":"El corte de luz se debi\u00f3 a un inconveniente en un Transformador de Intensidad de la ET SP1"},"content":{"rendered":"<!-- VideographyWP Plugin Message: Automatic video embedding prevented by plugin options. -->\n\n<p>COOPSER informa que el personal del sector el\u00e9ctrico ha estado trabajando desde pasadas las 18 horas para aislar el inconveniente surgido en un Transformador de Intensidad de la ET SP1. Por este motivo\u00a0varias zonas del Partido de San Pedro quedaron sin suministro el\u00e9ctrico.\u00a0 En los \u00faltimos minutos se ha ido restableciendo en la mayor\u00eda de los sectores afectados y contin\u00faa la tarea para regresar a la normalidad.<\/p>\n","protected":false},"excerpt":{"rendered":"<p>COOPSER informa que el personal del sector el\u00e9ctrico ha estado trabajando desde pasadas las 18 horas para aislar el inconveniente surgido en un Transformador de Intensidad de la ET SP1. Por este motivo\u00a0varias zonas del Partido de San Pedro quedaron sin suministro el\u00e9ctrico.\u00a0 En los \u00faltimos minutos se ha ido restableciendo en la mayor\u00eda de [&hellip;]<\/p>\n","protected":false},"author":4,"featured_media":27509,"comment_status":"closed","ping_status":"closed","sticky":false,"template":"","format":"standard","meta":{"om_disable_all_campaigns":false,"_jetpack_memberships_contains_paid_content":false,"footnotes":""},"categories":[101,2],"tags":[197,696,33,19],"class_list":["post-115592","post","type-post","status-publish","format-standard","has-post-thumbnail","hentry","category-interes-general-locales","category-locales","tag-buenos-aires","tag-interes-general","tag-locales","tag-san-pedro"],"aioseo_notices":[],"gutentor_comment":0,"jetpack_featured_media_url":"https:\/\/eldiariodesanpedro.com.ar\/sitio\/wp-content\/uploads\/2018\/01\/Trabajos-de-Coopser.jpg","jetpack_shortlink":"https:\/\/wp.me\/p6RhLt-u4o","jetpack_sharing_enabled":true,"_links":{"self":[{"href":"https:\/\/eldiariodesanpedro.com.ar\/sitio\/wp-json\/wp\/v2\/posts\/115592","targetHints":{"allow":["GET"]}}],"collection":[{"href":"https:\/\/eldiariodesanpedro.com.ar\/sitio\/wp-json\/wp\/v2\/posts"}],"about":[{"href":"https:\/\/eldiariodesanpedro.com.ar\/sitio\/wp-json\/wp\/v2\/types\/post"}],"author":[{"embeddable":true,"href":"https:\/\/eldiariodesanpedro.com.ar\/sitio\/wp-json\/wp\/v2\/users\/4"}],"replies":[{"embeddable":true,"href":"https:\/\/eldiariodesanpedro.com.ar\/sitio\/wp-json\/wp\/v2\/comments?post=115592"}],"version-history":[{"count":1,"href":"https:\/\/eldiariodesanpedro.com.ar\/sitio\/wp-json\/wp\/v2\/posts\/115592\/revisions"}],"predecessor-version":[{"id":115593,"href":"https:\/\/eldiariodesanpedro.com.ar\/sitio\/wp-json\/wp\/v2\/posts\/115592\/revisions\/115593"}],"wp:featuredmedia":[{"embeddable":true,"href":"https:\/\/eldiariodesanpedro.com.ar\/sitio\/wp-json\/wp\/v2\/media\/27509"}],"wp:attachment":[{"href":"https:\/\/eldiariodesanpedro.com.ar\/sitio\/wp-json\/wp\/v2\/media?parent=115592"}],"wp:term":[{"taxonomy":"category","embeddable":true,"href":"https:\/\/eldiariodesanpedro.com.ar\/sitio\/wp-json\/wp\/v2\/categories?post=115592"},{"taxonomy":"post_tag","embeddable":true,"href":"https:\/\/eldiariodesanpedro.com.ar\/sitio\/wp-json\/wp\/v2\/tags?post=115592"}],"curies":[{"name":"wp","href":"https:\/\/api.w.org\/{rel}","templated":true}]}}