{"id":115572,"date":"2023-03-02T20:15:09","date_gmt":"2023-03-02T23:15:09","guid":{"rendered":"https:\/\/eldiariodesanpedro.com.ar\/sitio\/?p=115572"},"modified":"2023-03-02T20:25:00","modified_gmt":"2023-03-02T23:25:00","slug":"elecciones-de-comision-directiva-revisora-de-cuenta-y-congresales","status":"publish","type":"post","link":"https:\/\/eldiariodesanpedro.com.ar\/sitio\/elecciones-de-comision-directiva-revisora-de-cuenta-y-congresales\/","title":{"rendered":"Elecciones de Comisi\u00f3n Directiva, Revisora de Cuenta y Congresales del Sindicato del Personal de Industrias Qu\u00edmicas de San Pedro"},"content":{"rendered":"<!-- VideographyWP Plugin Message: Automatic video embedding prevented by plugin options. -->\n\n<p class=\"has-text-align-right\">Escobar, 2 de marzo de 2023<\/p>\n\n\n\n<h2 class=\"has-text-align-center wp-block-heading\">CONVOCATORIA<\/h2>\n\n\n\n<p class=\"has-text-align-left\">Conforme a lo normado por el Estatuto Social, la JUNTA ELECTORAL convoca a todos los afiliados al Sindicato del Personal de Industrias Qu\u00edmicas de San Pedro a ELECCIONES DE COMISI\u00d3N DIRECTIVA, COMISI\u00d3N REVISORA DE CUENTAS Y CONGRESALES ANTE LA FEDERACI\u00d3N ARGENTINA DE TRABAJADORES DE INDUSTRIAS QU\u00cdMICAS Y PETROQU\u00cdMICAS.-, que se llevar\u00e1n a cabo el d\u00eda LUNES 20 DE MARZO DE 2023 seg\u00fan el siguiente cronograma electoral:<br>-UNICA URNA FIJA: En la Delegaci\u00f3n gremial sito calle Cesar Diaz 1055, Bel\u00e9n de Escobar, Provincia de Buenos Aires. Horario de apertura para la recepci\u00f3n de votos: 09:00AM, horario de clausura para el escrutinio definitivo: 16:00PM<br>Son requisitos para postularse: a) ser mayor de edad; b) no tener inhibiciones civiles ni penales. c) tener dos a\u00f1os de antig\u00fcedad en la afiliaci\u00f3n y encontrarse desempe\u00f1\u00e1ndose la actividad durante dos a\u00f1os; d) Ser ciudadano argentino.<br>El formulario para la presentaci\u00f3n de Lista podr\u00e1 ser retirado a partir de la fecha de la presente convocatoria por la Delegaci\u00f3n del Sindicato ubicada en Cesar Diaz 1055 Bel\u00e9n de Escobar) los d\u00edas lunes, mi\u00e9rcoles y viernes, en el horario de 09:00 a 13:00hs, siendo el plazo de presentaci\u00f3n del listas el lunes 13 de marzo de 2023.<\/p>\n\n\n\n<p>EDUARDO MARTINEZ<br>PRESIDENTE<br>JUNTA ELECTORAL<\/p>\n","protected":false},"excerpt":{"rendered":"<p>Escobar, 2 de marzo de 2023 CONVOCATORIA Conforme a lo normado por el Estatuto Social, la JUNTA ELECTORAL convoca a todos los afiliados al Sindicato del Personal de Industrias Qu\u00edmicas de San Pedro a ELECCIONES DE COMISI\u00d3N DIRECTIVA, COMISI\u00d3N REVISORA DE CUENTAS Y CONGRESALES ANTE LA FEDERACI\u00d3N ARGENTINA DE TRABAJADORES DE INDUSTRIAS QU\u00cdMICAS Y PETROQU\u00cdMICAS.-, [&hellip;]<\/p>\n","protected":false},"author":4,"featured_media":115573,"comment_status":"closed","ping_status":"closed","sticky":false,"template":"","format":"standard","meta":{"om_disable_all_campaigns":false,"_jetpack_memberships_contains_paid_content":false,"footnotes":""},"categories":[678,676],"tags":[197,1121,1355,33,19],"class_list":["post-115572","post","type-post","status-publish","format-standard","has-post-thumbnail","hentry","category-convocatorias","category-edictos","tag-buenos-aires","tag-edicto","tag-judiciales","tag-locales","tag-san-pedro"],"aioseo_notices":[],"gutentor_comment":0,"jetpack_featured_media_url":"https:\/\/eldiariodesanpedro.com.ar\/sitio\/wp-content\/uploads\/2023\/03\/Sindicato-de-Quimicos-02-03-2023.jpg","jetpack_shortlink":"https:\/\/wp.me\/p6RhLt-u44","jetpack_sharing_enabled":true,"_links":{"self":[{"href":"https:\/\/eldiariodesanpedro.com.ar\/sitio\/wp-json\/wp\/v2\/posts\/115572","targetHints":{"allow":["GET"]}}],"collection":[{"href":"https:\/\/eldiariodesanpedro.com.ar\/sitio\/wp-json\/wp\/v2\/posts"}],"about":[{"href":"https:\/\/eldiariodesanpedro.com.ar\/sitio\/wp-json\/wp\/v2\/types\/post"}],"author":[{"embeddable":true,"href":"https:\/\/eldiariodesanpedro.com.ar\/sitio\/wp-json\/wp\/v2\/users\/4"}],"replies":[{"embeddable":true,"href":"https:\/\/eldiariodesanpedro.com.ar\/sitio\/wp-json\/wp\/v2\/comments?post=115572"}],"version-history":[{"count":2,"href":"https:\/\/eldiariodesanpedro.com.ar\/sitio\/wp-json\/wp\/v2\/posts\/115572\/revisions"}],"predecessor-version":[{"id":115575,"href":"https:\/\/eldiariodesanpedro.com.ar\/sitio\/wp-json\/wp\/v2\/posts\/115572\/revisions\/115575"}],"wp:featuredmedia":[{"embeddable":true,"href":"https:\/\/eldiariodesanpedro.com.ar\/sitio\/wp-json\/wp\/v2\/media\/115573"}],"wp:attachment":[{"href":"https:\/\/eldiariodesanpedro.com.ar\/sitio\/wp-json\/wp\/v2\/media?parent=115572"}],"wp:term":[{"taxonomy":"category","embeddable":true,"href":"https:\/\/eldiariodesanpedro.com.ar\/sitio\/wp-json\/wp\/v2\/categories?post=115572"},{"taxonomy":"post_tag","embeddable":true,"href":"https:\/\/eldiariodesanpedro.com.ar\/sitio\/wp-json\/wp\/v2\/tags?post=115572"}],"curies":[{"name":"wp","href":"https:\/\/api.w.org\/{rel}","templated":true}]}}