{"id":115569,"date":"2023-03-02T11:03:02","date_gmt":"2023-03-02T14:03:02","guid":{"rendered":"https:\/\/eldiariodesanpedro.com.ar\/sitio\/?p=115569"},"modified":"2023-03-02T11:03:03","modified_gmt":"2023-03-02T14:03:03","slug":"volvieron-a-comenzar-los-trabajos-en-la-ruta-191-tras-varios-meses-parada","status":"publish","type":"post","link":"https:\/\/eldiariodesanpedro.com.ar\/sitio\/volvieron-a-comenzar-los-trabajos-en-la-ruta-191-tras-varios-meses-parada\/","title":{"rendered":"Volvieron a comenzar los trabajos en la ruta 191 tras varios meses parada"},"content":{"rendered":"<!-- VideographyWP Plugin Message: Automatic video embedding prevented by plugin options. -->\n\n<p>Este martes ya se pudieron ver los primeros movimientos. Las tareas se reactivar\u00e1n en el cruce con la Ruta 9.<\/p>\n\n\n\n<p>El martes y luego de lo anunciado por el gobernador Kicillof la semana anterior se reanudaron s tareas sobre la Ruta Provincial 191.<\/p>\n\n\n\n<p>Los trabajos estar\u00e1n centrados en el cruce con la Ruta 9 donde se completar\u00e1 el proyecto que incluye cord\u00f3n y luces LED.<\/p>\n\n\n\n<p>Una vez concluida esa parte las tareas se trasladar\u00e1n a Pueblo Doyle para continuar con la aplicaci\u00f3n de la cinta asf\u00e1ltica hasta la Ruta 8, y la concreci\u00f3n del camino de ingreso a Santa Luc\u00eda.<\/p>\n","protected":false},"excerpt":{"rendered":"<p>Este martes ya se pudieron ver los primeros movimientos. Las tareas se reactivar\u00e1n en el cruce con la Ruta 9. El martes y luego de lo anunciado por el gobernador Kicillof la semana anterior se reanudaron s tareas sobre la Ruta Provincial 191. Los trabajos estar\u00e1n centrados en el cruce con la Ruta 9 donde [&hellip;]<\/p>\n","protected":false},"author":4,"featured_media":115570,"comment_status":"closed","ping_status":"closed","sticky":false,"template":"","format":"standard","meta":{"om_disable_all_campaigns":false,"_jetpack_memberships_contains_paid_content":false,"footnotes":""},"categories":[50,101,2],"tags":[197,696,33,19,3410],"class_list":["post-115569","post","type-post","status-publish","format-standard","has-post-thumbnail","hentry","category-destacadas","category-interes-general-locales","category-locales","tag-buenos-aires","tag-interes-general","tag-locales","tag-san-pedro","tag-volvieron-a-comenzar-los-trabajos-en-la-ruta-191-tras-varios-meses-parada"],"aioseo_notices":[],"gutentor_comment":0,"jetpack_featured_media_url":"https:\/\/eldiariodesanpedro.com.ar\/sitio\/wp-content\/uploads\/2023\/03\/0000021659-resized-1920x1080-1.jpg","jetpack_shortlink":"https:\/\/wp.me\/p6RhLt-u41","jetpack_sharing_enabled":true,"_links":{"self":[{"href":"https:\/\/eldiariodesanpedro.com.ar\/sitio\/wp-json\/wp\/v2\/posts\/115569","targetHints":{"allow":["GET"]}}],"collection":[{"href":"https:\/\/eldiariodesanpedro.com.ar\/sitio\/wp-json\/wp\/v2\/posts"}],"about":[{"href":"https:\/\/eldiariodesanpedro.com.ar\/sitio\/wp-json\/wp\/v2\/types\/post"}],"author":[{"embeddable":true,"href":"https:\/\/eldiariodesanpedro.com.ar\/sitio\/wp-json\/wp\/v2\/users\/4"}],"replies":[{"embeddable":true,"href":"https:\/\/eldiariodesanpedro.com.ar\/sitio\/wp-json\/wp\/v2\/comments?post=115569"}],"version-history":[{"count":1,"href":"https:\/\/eldiariodesanpedro.com.ar\/sitio\/wp-json\/wp\/v2\/posts\/115569\/revisions"}],"predecessor-version":[{"id":115571,"href":"https:\/\/eldiariodesanpedro.com.ar\/sitio\/wp-json\/wp\/v2\/posts\/115569\/revisions\/115571"}],"wp:featuredmedia":[{"embeddable":true,"href":"https:\/\/eldiariodesanpedro.com.ar\/sitio\/wp-json\/wp\/v2\/media\/115570"}],"wp:attachment":[{"href":"https:\/\/eldiariodesanpedro.com.ar\/sitio\/wp-json\/wp\/v2\/media?parent=115569"}],"wp:term":[{"taxonomy":"category","embeddable":true,"href":"https:\/\/eldiariodesanpedro.com.ar\/sitio\/wp-json\/wp\/v2\/categories?post=115569"},{"taxonomy":"post_tag","embeddable":true,"href":"https:\/\/eldiariodesanpedro.com.ar\/sitio\/wp-json\/wp\/v2\/tags?post=115569"}],"curies":[{"name":"wp","href":"https:\/\/api.w.org\/{rel}","templated":true}]}}