{"id":115564,"date":"2023-03-02T10:49:05","date_gmt":"2023-03-02T13:49:05","guid":{"rendered":"https:\/\/eldiariodesanpedro.com.ar\/sitio\/?p=115564"},"modified":"2023-03-02T10:50:09","modified_gmt":"2023-03-02T13:50:09","slug":"ayer-por-la-noche-levantaron-el-corte-de-los-transportistas-en-la-ruta-nacional-9","status":"publish","type":"post","link":"https:\/\/eldiariodesanpedro.com.ar\/sitio\/ayer-por-la-noche-levantaron-el-corte-de-los-transportistas-en-la-ruta-nacional-9\/","title":{"rendered":"Ayer por la noche levantaron el corte de los transportistas en la ruta nacional 9"},"content":{"rendered":"<!-- VideographyWP Plugin Message: Automatic video embedding prevented by plugin options. -->\n\n<p>Tras una asamblea los transportistas decidieron levantar el corte que manten\u00edan en la Ruta 9 Km 153. Los camiones se retiraron del lugar en su totalidad.<\/p>\n\n\n\n<p>Los manifestantes acordaron una reuni\u00f3n para la semana entrante con el Ministerio de Transporte de la Naci\u00f3n.<\/p>\n\n\n\n<p>Tras los meses de sequ\u00eda, el conflicto se agrav\u00f3 a partir&nbsp;<strong>del incremento de las tarifas m\u00ednimas para el transporte de cereales<\/strong>, lo que, desde el sector afirman que podr\u00eda ir en detrimento de la industria.<\/p>\n\n\n\n<p>La protesta tuvo lugar en varios puntos del pa\u00eds y mayormente en San Pedro llevada adelante por la \u00abC\u00e1mara de Autotransportistas del Cord\u00f3n Industrial de San Lorenzo Asociaci\u00f3n Civil\u00bb reclamando por un piso de tarifa a trav\u00e9s de la carta de porte digital.<\/p>\n\n\n\n<p>El corte de camiones de transporte de cereales y cargas generales se levant\u00f3 finalmente en horas de la tarde por pedido del fiscal federal de San Nicol\u00e1s.<\/p>\n\n\n\n<iframe data-src=\"https:\/\/www.facebook.com\/plugins\/video.php?height=314&#038;href=https%3A%2F%2Fwww.facebook.com%2Fdiariosp2%2Fvideos%2F2483298161823449%2F&#038;show_text=false&#038;width=560&#038;t=0\" width=\"560\" height=\"314\" style=\"border:none;overflow:hidden\" scrolling=\"no\" frameborder=\"0\" allowfullscreen=\"true\" allow=\"autoplay; clipboard-write; encrypted-media; picture-in-picture; web-share\" allowFullScreen=\"true\" src=\"data:image\/svg+xml;base64,PHN2ZyB3aWR0aD0iMSIgaGVpZ2h0PSIxIiB4bWxucz0iaHR0cDovL3d3dy53My5vcmcvMjAwMC9zdmciPjwvc3ZnPg==\" class=\"lazyload\" data-load-mode=\"1\"><\/iframe>\n","protected":false},"excerpt":{"rendered":"<p>Tras una asamblea los transportistas decidieron levantar el corte que manten\u00edan en la Ruta 9 Km 153. Los camiones se retiraron del lugar en su totalidad. Los manifestantes acordaron una reuni\u00f3n para la semana entrante con el Ministerio de Transporte de la Naci\u00f3n. Tras los meses de sequ\u00eda, el conflicto se agrav\u00f3 a partir&nbsp;del incremento [&hellip;]<\/p>\n","protected":false},"author":4,"featured_media":115565,"comment_status":"closed","ping_status":"closed","sticky":false,"template":"","format":"standard","meta":{"om_disable_all_campaigns":false,"_jetpack_memberships_contains_paid_content":false,"footnotes":""},"categories":[50,101,2],"tags":[197,696,33,19],"class_list":["post-115564","post","type-post","status-publish","format-standard","has-post-thumbnail","hentry","category-destacadas","category-interes-general-locales","category-locales","tag-buenos-aires","tag-interes-general","tag-locales","tag-san-pedro"],"aioseo_notices":[],"gutentor_comment":0,"jetpack_featured_media_url":"https:\/\/eldiariodesanpedro.com.ar\/sitio\/wp-content\/uploads\/2023\/03\/DJI_0299.jpg","jetpack_shortlink":"https:\/\/wp.me\/p6RhLt-u3W","jetpack_sharing_enabled":true,"_links":{"self":[{"href":"https:\/\/eldiariodesanpedro.com.ar\/sitio\/wp-json\/wp\/v2\/posts\/115564","targetHints":{"allow":["GET"]}}],"collection":[{"href":"https:\/\/eldiariodesanpedro.com.ar\/sitio\/wp-json\/wp\/v2\/posts"}],"about":[{"href":"https:\/\/eldiariodesanpedro.com.ar\/sitio\/wp-json\/wp\/v2\/types\/post"}],"author":[{"embeddable":true,"href":"https:\/\/eldiariodesanpedro.com.ar\/sitio\/wp-json\/wp\/v2\/users\/4"}],"replies":[{"embeddable":true,"href":"https:\/\/eldiariodesanpedro.com.ar\/sitio\/wp-json\/wp\/v2\/comments?post=115564"}],"version-history":[{"count":2,"href":"https:\/\/eldiariodesanpedro.com.ar\/sitio\/wp-json\/wp\/v2\/posts\/115564\/revisions"}],"predecessor-version":[{"id":115567,"href":"https:\/\/eldiariodesanpedro.com.ar\/sitio\/wp-json\/wp\/v2\/posts\/115564\/revisions\/115567"}],"wp:featuredmedia":[{"embeddable":true,"href":"https:\/\/eldiariodesanpedro.com.ar\/sitio\/wp-json\/wp\/v2\/media\/115565"}],"wp:attachment":[{"href":"https:\/\/eldiariodesanpedro.com.ar\/sitio\/wp-json\/wp\/v2\/media?parent=115564"}],"wp:term":[{"taxonomy":"category","embeddable":true,"href":"https:\/\/eldiariodesanpedro.com.ar\/sitio\/wp-json\/wp\/v2\/categories?post=115564"},{"taxonomy":"post_tag","embeddable":true,"href":"https:\/\/eldiariodesanpedro.com.ar\/sitio\/wp-json\/wp\/v2\/tags?post=115564"}],"curies":[{"name":"wp","href":"https:\/\/api.w.org\/{rel}","templated":true}]}}