{"id":115556,"date":"2023-03-02T10:22:34","date_gmt":"2023-03-02T13:22:34","guid":{"rendered":"https:\/\/eldiariodesanpedro.com.ar\/sitio\/?p=115556"},"modified":"2023-03-02T10:22:36","modified_gmt":"2023-03-02T13:22:36","slug":"ayer-374-oc-la-temperatura-mas-alta-registrada-en-la-historia-del-mes-de-marzo-y-hoy-sera-superada","status":"publish","type":"post","link":"https:\/\/eldiariodesanpedro.com.ar\/sitio\/ayer-374-oc-la-temperatura-mas-alta-registrada-en-la-historia-del-mes-de-marzo-y-hoy-sera-superada\/","title":{"rendered":"Ayer 37,4 \u00baC la temperatura mas alta registrada en la historia del mes de marzo y hoy ser\u00e1 superada"},"content":{"rendered":"<!-- VideographyWP Plugin Message: Automatic video embedding prevented by plugin options. -->\n\n<p>En el verano de los r\u00e9cords t\u00e9rmicos, la estaci\u00f3n agrometeorol\u00f3gica del INTA confirm\u00f3 que este mi\u00e9rcoles 1\u00ba de marzo se registr\u00f3 la temperatura m\u00e1s alta para un mes de marzo desde 1965.&nbsp;<\/p>\n\n\n\n<p>En el campo ubicado en el kil\u00f3metro 170 de la ruta 9, la temperatura m\u00e1xima absoluta fue de 37,4 \u00baC, superando el anterior registro del a\u00f1o 1967 de 36,7 \u00baC.&nbsp;<a><\/a><\/p>\n\n\n\n<p>Se trata del valor m\u00e1s alto registrado en toda la l\u00ednea hist\u00f3rica desde que se realizan mediciones, en 1965.\u00a0<\/p>\n\n\n\n<figure class=\"wp-block-image size-full\"><img decoding=\"async\" width=\"630\" height=\"630\" data-attachment-id=\"115558\" data-permalink=\"https:\/\/eldiariodesanpedro.com.ar\/sitio\/ayer-374-oc-la-temperatura-mas-alta-registrada-en-la-historia-del-mes-de-marzo-y-hoy-sera-superada\/whatsapp-image-2023-03-02-at-08-17-38-1\/\" data-orig-file=\"https:\/\/eldiariodesanpedro.com.ar\/sitio\/wp-content\/uploads\/2023\/03\/WhatsApp-Image-2023-03-02-at-08.17.38-1.jpeg\" data-orig-size=\"630,630\" data-comments-opened=\"0\" data-image-meta=\"{&quot;aperture&quot;:&quot;0&quot;,&quot;credit&quot;:&quot;&quot;,&quot;camera&quot;:&quot;&quot;,&quot;caption&quot;:&quot;&quot;,&quot;created_timestamp&quot;:&quot;0&quot;,&quot;copyright&quot;:&quot;&quot;,&quot;focal_length&quot;:&quot;0&quot;,&quot;iso&quot;:&quot;0&quot;,&quot;shutter_speed&quot;:&quot;0&quot;,&quot;title&quot;:&quot;&quot;,&quot;orientation&quot;:&quot;0&quot;}\" data-image-title=\"WhatsApp Image 2023-03-02 at 08.17.38 (1)\" data-image-description=\"\" data-image-caption=\"\" data-large-file=\"https:\/\/eldiariodesanpedro.com.ar\/sitio\/wp-content\/uploads\/2023\/03\/WhatsApp-Image-2023-03-02-at-08.17.38-1.jpeg\" data-src=\"https:\/\/eldiariodesanpedro.com.ar\/sitio\/wp-content\/uploads\/2023\/03\/WhatsApp-Image-2023-03-02-at-08.17.38-1.jpeg\" alt=\"\" class=\"wp-image-115558 lazyload\" data-srcset=\"https:\/\/eldiariodesanpedro.com.ar\/sitio\/wp-content\/uploads\/2023\/03\/WhatsApp-Image-2023-03-02-at-08.17.38-1.jpeg 630w, https:\/\/eldiariodesanpedro.com.ar\/sitio\/wp-content\/uploads\/2023\/03\/WhatsApp-Image-2023-03-02-at-08.17.38-1-300x300.jpeg 300w, https:\/\/eldiariodesanpedro.com.ar\/sitio\/wp-content\/uploads\/2023\/03\/WhatsApp-Image-2023-03-02-at-08.17.38-1-150x150.jpeg 150w\" data-sizes=\"(max-width: 630px) 100vw, 630px\" src=\"data:image\/svg+xml;base64,PHN2ZyB3aWR0aD0iMSIgaGVpZ2h0PSIxIiB4bWxucz0iaHR0cDovL3d3dy53My5vcmcvMjAwMC9zdmciPjwvc3ZnPg==\" style=\"--smush-placeholder-width: 630px; --smush-placeholder-aspect-ratio: 630\/630;\" \/><\/figure>\n","protected":false},"excerpt":{"rendered":"<p>En el verano de los r\u00e9cords t\u00e9rmicos, la estaci\u00f3n agrometeorol\u00f3gica del INTA confirm\u00f3 que este mi\u00e9rcoles 1\u00ba de marzo se registr\u00f3 la temperatura m\u00e1s alta para un mes de marzo desde 1965.&nbsp; En el campo ubicado en el kil\u00f3metro 170 de la ruta 9, la temperatura m\u00e1xima absoluta fue de 37,4 \u00baC, superando el anterior [&hellip;]<\/p>\n","protected":false},"author":4,"featured_media":115557,"comment_status":"closed","ping_status":"closed","sticky":false,"template":"","format":"standard","meta":{"om_disable_all_campaigns":false,"_jetpack_memberships_contains_paid_content":false,"footnotes":""},"categories":[50,101,2],"tags":[3409,3408,197,696,33,19],"class_list":["post-115556","post","type-post","status-publish","format-standard","has-post-thumbnail","hentry","category-destacadas","category-interes-general-locales","category-locales","tag-4-oc-la-temperatura-mas-alta-registrada-en-la-historia-del-mes-de-marzo-y-hoy-sera-superada","tag-ayer-37","tag-buenos-aires","tag-interes-general","tag-locales","tag-san-pedro"],"aioseo_notices":[],"gutentor_comment":0,"jetpack_featured_media_url":"https:\/\/eldiariodesanpedro.com.ar\/sitio\/wp-content\/uploads\/2023\/03\/calor_temperatura.jpg_966076397.jpg","jetpack_shortlink":"https:\/\/wp.me\/p6RhLt-u3O","jetpack_sharing_enabled":true,"_links":{"self":[{"href":"https:\/\/eldiariodesanpedro.com.ar\/sitio\/wp-json\/wp\/v2\/posts\/115556","targetHints":{"allow":["GET"]}}],"collection":[{"href":"https:\/\/eldiariodesanpedro.com.ar\/sitio\/wp-json\/wp\/v2\/posts"}],"about":[{"href":"https:\/\/eldiariodesanpedro.com.ar\/sitio\/wp-json\/wp\/v2\/types\/post"}],"author":[{"embeddable":true,"href":"https:\/\/eldiariodesanpedro.com.ar\/sitio\/wp-json\/wp\/v2\/users\/4"}],"replies":[{"embeddable":true,"href":"https:\/\/eldiariodesanpedro.com.ar\/sitio\/wp-json\/wp\/v2\/comments?post=115556"}],"version-history":[{"count":1,"href":"https:\/\/eldiariodesanpedro.com.ar\/sitio\/wp-json\/wp\/v2\/posts\/115556\/revisions"}],"predecessor-version":[{"id":115559,"href":"https:\/\/eldiariodesanpedro.com.ar\/sitio\/wp-json\/wp\/v2\/posts\/115556\/revisions\/115559"}],"wp:featuredmedia":[{"embeddable":true,"href":"https:\/\/eldiariodesanpedro.com.ar\/sitio\/wp-json\/wp\/v2\/media\/115557"}],"wp:attachment":[{"href":"https:\/\/eldiariodesanpedro.com.ar\/sitio\/wp-json\/wp\/v2\/media?parent=115556"}],"wp:term":[{"taxonomy":"category","embeddable":true,"href":"https:\/\/eldiariodesanpedro.com.ar\/sitio\/wp-json\/wp\/v2\/categories?post=115556"},{"taxonomy":"post_tag","embeddable":true,"href":"https:\/\/eldiariodesanpedro.com.ar\/sitio\/wp-json\/wp\/v2\/tags?post=115556"}],"curies":[{"name":"wp","href":"https:\/\/api.w.org\/{rel}","templated":true}]}}