{"id":115551,"date":"2023-03-02T10:09:38","date_gmt":"2023-03-02T13:09:38","guid":{"rendered":"https:\/\/eldiariodesanpedro.com.ar\/sitio\/?p=115551"},"modified":"2023-03-02T10:09:40","modified_gmt":"2023-03-02T13:09:40","slug":"todos-por-uma-campana-solidaria-para-ayudar-a-la-familia-de-la-nina-diagnosticada-con-leucemia","status":"publish","type":"post","link":"https:\/\/eldiariodesanpedro.com.ar\/sitio\/todos-por-uma-campana-solidaria-para-ayudar-a-la-familia-de-la-nina-diagnosticada-con-leucemia\/","title":{"rendered":"Todos por Uma: Campa\u00f1a solidaria para ayudar a la familia de la ni\u00f1a diagnosticada con leucemia"},"content":{"rendered":"<!-- VideographyWP Plugin Message: Automatic video embedding prevented by plugin options. -->\n\n<p>Familiares y amigos de Uma Lencina iniciaron una campa\u00f1a a trav\u00e9s de las redes sociales, luego de que se confirmara el diagn\u00f3stico de leucemia linfobl\u00e1stica aguda.&nbsp;<\/p>\n\n\n\n<p>\u00abNecesitamos de tu ayuda. Lo m\u00ednimo que puedas aportar suma para que sus pap\u00e1s Cristian Lencina y Nair Noat puedan costear gastos\u00bb explicaron.&nbsp;<a><\/a><\/p>\n\n\n\n<p>Estos son los datos para quienes puedan ayudar:&nbsp;<\/p>\n\n\n\n<p>Alias: TODOS.POR.UMI\u00a0<br>CBU: 0140363103650051609283\u00a0<\/p>\n","protected":false},"excerpt":{"rendered":"<p>Familiares y amigos de Uma Lencina iniciaron una campa\u00f1a a trav\u00e9s de las redes sociales, luego de que se confirmara el diagn\u00f3stico de leucemia linfobl\u00e1stica aguda.&nbsp; \u00abNecesitamos de tu ayuda. Lo m\u00ednimo que puedas aportar suma para que sus pap\u00e1s Cristian Lencina y Nair Noat puedan costear gastos\u00bb explicaron.&nbsp; Estos son los datos para quienes [&hellip;]<\/p>\n","protected":false},"author":4,"featured_media":115554,"comment_status":"closed","ping_status":"closed","sticky":false,"template":"","format":"standard","meta":{"om_disable_all_campaigns":false,"_jetpack_memberships_contains_paid_content":false,"footnotes":""},"categories":[50,101,2],"tags":[197,696,33,19,3407],"class_list":["post-115551","post","type-post","status-publish","format-standard","has-post-thumbnail","hentry","category-destacadas","category-interes-general-locales","category-locales","tag-buenos-aires","tag-interes-general","tag-locales","tag-san-pedro","tag-todos-por-uma-campana-solidaria-para-ayudar-a-la-familia-de-la-nina-diagnosticada-con-leucemia"],"aioseo_notices":[],"gutentor_comment":0,"jetpack_featured_media_url":"https:\/\/eldiariodesanpedro.com.ar\/sitio\/wp-content\/uploads\/2023\/03\/Uma-Lencina.jpg","jetpack_shortlink":"https:\/\/wp.me\/p6RhLt-u3J","jetpack_sharing_enabled":true,"_links":{"self":[{"href":"https:\/\/eldiariodesanpedro.com.ar\/sitio\/wp-json\/wp\/v2\/posts\/115551","targetHints":{"allow":["GET"]}}],"collection":[{"href":"https:\/\/eldiariodesanpedro.com.ar\/sitio\/wp-json\/wp\/v2\/posts"}],"about":[{"href":"https:\/\/eldiariodesanpedro.com.ar\/sitio\/wp-json\/wp\/v2\/types\/post"}],"author":[{"embeddable":true,"href":"https:\/\/eldiariodesanpedro.com.ar\/sitio\/wp-json\/wp\/v2\/users\/4"}],"replies":[{"embeddable":true,"href":"https:\/\/eldiariodesanpedro.com.ar\/sitio\/wp-json\/wp\/v2\/comments?post=115551"}],"version-history":[{"count":1,"href":"https:\/\/eldiariodesanpedro.com.ar\/sitio\/wp-json\/wp\/v2\/posts\/115551\/revisions"}],"predecessor-version":[{"id":115555,"href":"https:\/\/eldiariodesanpedro.com.ar\/sitio\/wp-json\/wp\/v2\/posts\/115551\/revisions\/115555"}],"wp:featuredmedia":[{"embeddable":true,"href":"https:\/\/eldiariodesanpedro.com.ar\/sitio\/wp-json\/wp\/v2\/media\/115554"}],"wp:attachment":[{"href":"https:\/\/eldiariodesanpedro.com.ar\/sitio\/wp-json\/wp\/v2\/media?parent=115551"}],"wp:term":[{"taxonomy":"category","embeddable":true,"href":"https:\/\/eldiariodesanpedro.com.ar\/sitio\/wp-json\/wp\/v2\/categories?post=115551"},{"taxonomy":"post_tag","embeddable":true,"href":"https:\/\/eldiariodesanpedro.com.ar\/sitio\/wp-json\/wp\/v2\/tags?post=115551"}],"curies":[{"name":"wp","href":"https:\/\/api.w.org\/{rel}","templated":true}]}}