{"id":115548,"date":"2023-03-02T10:03:16","date_gmt":"2023-03-02T13:03:16","guid":{"rendered":"https:\/\/eldiariodesanpedro.com.ar\/sitio\/?p=115548"},"modified":"2023-03-02T10:03:18","modified_gmt":"2023-03-02T13:03:18","slug":"tareas-de-mantenimiento-en-una-de-las-bombas-de-la-red-de-agua-potable","status":"publish","type":"post","link":"https:\/\/eldiariodesanpedro.com.ar\/sitio\/tareas-de-mantenimiento-en-una-de-las-bombas-de-la-red-de-agua-potable\/","title":{"rendered":"Tareas de mantenimiento en una de las bombas de la red de agua potable"},"content":{"rendered":"<!-- VideographyWP Plugin Message: Automatic video embedding prevented by plugin options. -->\n\n<p>La Secretar\u00eda de Servicios P\u00fablicos, a trav\u00e9s de la Direcci\u00f3n de Servicios Sanitarios informa que como consecuencia de los cortes de energ\u00eda registrados ayer y la baja de tensi\u00f3n generada por los mismos, dejo de funcionar una bomba de extracci\u00f3n de agua potable ubicada en calle Noceda y A. A. Maino.<\/p>\n\n\n\n<p>El personal del \u00e1rea trabajar\u00e1 durante la jornada de hoy para resolver el inconveniente por lo que pueden registrarse cortes y\/o falta de presi\u00f3n en la zona de las tareas.<\/p>\n","protected":false},"excerpt":{"rendered":"<p>La Secretar\u00eda de Servicios P\u00fablicos, a trav\u00e9s de la Direcci\u00f3n de Servicios Sanitarios informa que como consecuencia de los cortes de energ\u00eda registrados ayer y la baja de tensi\u00f3n generada por los mismos, dejo de funcionar una bomba de extracci\u00f3n de agua potable ubicada en calle Noceda y A. A. Maino. El personal del \u00e1rea [&hellip;]<\/p>\n","protected":false},"author":4,"featured_media":115549,"comment_status":"closed","ping_status":"closed","sticky":false,"template":"","format":"standard","meta":{"om_disable_all_campaigns":false,"_jetpack_memberships_contains_paid_content":false,"footnotes":""},"categories":[101,2],"tags":[197,696,33,19],"class_list":["post-115548","post","type-post","status-publish","format-standard","has-post-thumbnail","hentry","category-interes-general-locales","category-locales","tag-buenos-aires","tag-interes-general","tag-locales","tag-san-pedro"],"aioseo_notices":[],"gutentor_comment":0,"jetpack_featured_media_url":"https:\/\/eldiariodesanpedro.com.ar\/sitio\/wp-content\/uploads\/2023\/03\/agua.jpg","jetpack_shortlink":"https:\/\/wp.me\/p6RhLt-u3G","jetpack_sharing_enabled":true,"_links":{"self":[{"href":"https:\/\/eldiariodesanpedro.com.ar\/sitio\/wp-json\/wp\/v2\/posts\/115548","targetHints":{"allow":["GET"]}}],"collection":[{"href":"https:\/\/eldiariodesanpedro.com.ar\/sitio\/wp-json\/wp\/v2\/posts"}],"about":[{"href":"https:\/\/eldiariodesanpedro.com.ar\/sitio\/wp-json\/wp\/v2\/types\/post"}],"author":[{"embeddable":true,"href":"https:\/\/eldiariodesanpedro.com.ar\/sitio\/wp-json\/wp\/v2\/users\/4"}],"replies":[{"embeddable":true,"href":"https:\/\/eldiariodesanpedro.com.ar\/sitio\/wp-json\/wp\/v2\/comments?post=115548"}],"version-history":[{"count":1,"href":"https:\/\/eldiariodesanpedro.com.ar\/sitio\/wp-json\/wp\/v2\/posts\/115548\/revisions"}],"predecessor-version":[{"id":115550,"href":"https:\/\/eldiariodesanpedro.com.ar\/sitio\/wp-json\/wp\/v2\/posts\/115548\/revisions\/115550"}],"wp:featuredmedia":[{"embeddable":true,"href":"https:\/\/eldiariodesanpedro.com.ar\/sitio\/wp-json\/wp\/v2\/media\/115549"}],"wp:attachment":[{"href":"https:\/\/eldiariodesanpedro.com.ar\/sitio\/wp-json\/wp\/v2\/media?parent=115548"}],"wp:term":[{"taxonomy":"category","embeddable":true,"href":"https:\/\/eldiariodesanpedro.com.ar\/sitio\/wp-json\/wp\/v2\/categories?post=115548"},{"taxonomy":"post_tag","embeddable":true,"href":"https:\/\/eldiariodesanpedro.com.ar\/sitio\/wp-json\/wp\/v2\/tags?post=115548"}],"curies":[{"name":"wp","href":"https:\/\/api.w.org\/{rel}","templated":true}]}}