{"id":115542,"date":"2023-03-02T09:58:09","date_gmt":"2023-03-02T12:58:09","guid":{"rendered":"https:\/\/eldiariodesanpedro.com.ar\/sitio\/?p=115542"},"modified":"2023-03-02T09:58:11","modified_gmt":"2023-03-02T12:58:11","slug":"continua-funcionando-la-oficina-del-renaper-para-renovar-dni-y-pasaporte-en-la-udai-de-anses","status":"publish","type":"post","link":"https:\/\/eldiariodesanpedro.com.ar\/sitio\/continua-funcionando-la-oficina-del-renaper-para-renovar-dni-y-pasaporte-en-la-udai-de-anses\/","title":{"rendered":"Contin\u00faa funcionando la oficina del RENAPER para renovar DNI y Pasaporte en la UDAI de ANSES"},"content":{"rendered":"<!-- VideographyWP Plugin Message: Automatic video embedding prevented by plugin options. -->\n\n<p>La Municipalidad de San Pedro recuerda que la UDAI de ANSES de San Pedro cuenta con una oficina especial del Registro Nacional de las Personas para poder gestionar \u00absin turno previo\u00bb los tr\u00e1mites esenciales que anteriormente s\u00f3lo pod\u00edan realizarse en la delegaci\u00f3n del Registro.<\/p>\n\n\n\n<p>Todos los d\u00edas de 8.00 a 14.00 hs. por orden de llegada pueden realizarse los tr\u00e1mites para la renovaci\u00f3n de Documento Nacional de Identidad por cambio de domicilio, reposici\u00f3n por extrav\u00edo o deterioro, actualizaci\u00f3n por franjas etareas, renovaci\u00f3n u obtenci\u00f3n de pasaporte.<\/p>\n\n\n\n<p>La misma oficina puede proceder al cobro a trav\u00e9s de tarjeta de cr\u00e9dito o d\u00e9bito e incluso se generan cupones de pago para realizarlo en efectivo a trav\u00e9s de los servicios que funcionan en kioscos y otro tipo de comercios.<\/p>\n\n\n\n<p>Para la renovaci\u00f3n de DNI de menores se debe presentar la partida de nacimiento y para la reposici\u00f3n por extrav\u00edo se debe presentar la constancia de denuncia tramitada ante la comisar\u00eda local.<\/p>\n\n\n\n<p>Este servicio ha permitido actualizar progresivamente una situaci\u00f3n sumamente compleja para miles de vecinos y vecinas y junto a los operativos que se planifican para llegar a las localidades y zonas alejadas, garantizan un derecho fundamental.<\/p>\n\n\n\n<p>Ante cualquier consulta relacionada con estos tr\u00e1mites y situaciones especiales que requieran la intervenci\u00f3n del personal del ANSES pueden dirigirse a la oficina local. Adem\u00e1s, pueden gestionarse turnos y anticipar el pago del tr\u00e1mite a trav\u00e9s de la aplicaci\u00f3n Mi Argentina.<\/p>\n\n\n\n<figure class=\"wp-block-image size-full\"><img decoding=\"async\" width=\"946\" height=\"630\" data-attachment-id=\"115545\" data-permalink=\"https:\/\/eldiariodesanpedro.com.ar\/sitio\/continua-funcionando-la-oficina-del-renaper-para-renovar-dni-y-pasaporte-en-la-udai-de-anses\/whatsapp-image-2023-03-02-at-08-30-43-2\/\" data-orig-file=\"https:\/\/eldiariodesanpedro.com.ar\/sitio\/wp-content\/uploads\/2023\/03\/WhatsApp-Image-2023-03-02-at-08.30.43-2.jpeg\" data-orig-size=\"946,630\" data-comments-opened=\"0\" data-image-meta=\"{&quot;aperture&quot;:&quot;0&quot;,&quot;credit&quot;:&quot;&quot;,&quot;camera&quot;:&quot;&quot;,&quot;caption&quot;:&quot;&quot;,&quot;created_timestamp&quot;:&quot;0&quot;,&quot;copyright&quot;:&quot;&quot;,&quot;focal_length&quot;:&quot;0&quot;,&quot;iso&quot;:&quot;0&quot;,&quot;shutter_speed&quot;:&quot;0&quot;,&quot;title&quot;:&quot;&quot;,&quot;orientation&quot;:&quot;0&quot;}\" data-image-title=\"WhatsApp Image 2023-03-02 at 08.30.43 (2)\" data-image-description=\"\" data-image-caption=\"\" data-large-file=\"https:\/\/eldiariodesanpedro.com.ar\/sitio\/wp-content\/uploads\/2023\/03\/WhatsApp-Image-2023-03-02-at-08.30.43-2.jpeg\" data-src=\"https:\/\/eldiariodesanpedro.com.ar\/sitio\/wp-content\/uploads\/2023\/03\/WhatsApp-Image-2023-03-02-at-08.30.43-2.jpeg\" alt=\"\" class=\"wp-image-115545 lazyload\" data-srcset=\"https:\/\/eldiariodesanpedro.com.ar\/sitio\/wp-content\/uploads\/2023\/03\/WhatsApp-Image-2023-03-02-at-08.30.43-2.jpeg 946w, https:\/\/eldiariodesanpedro.com.ar\/sitio\/wp-content\/uploads\/2023\/03\/WhatsApp-Image-2023-03-02-at-08.30.43-2-300x200.jpeg 300w, https:\/\/eldiariodesanpedro.com.ar\/sitio\/wp-content\/uploads\/2023\/03\/WhatsApp-Image-2023-03-02-at-08.30.43-2-768x511.jpeg 768w\" data-sizes=\"(max-width: 946px) 100vw, 946px\" src=\"data:image\/svg+xml;base64,PHN2ZyB3aWR0aD0iMSIgaGVpZ2h0PSIxIiB4bWxucz0iaHR0cDovL3d3dy53My5vcmcvMjAwMC9zdmciPjwvc3ZnPg==\" style=\"--smush-placeholder-width: 946px; --smush-placeholder-aspect-ratio: 946\/630;\" \/><\/figure>\n\n\n\n<figure class=\"wp-block-image size-full\"><img decoding=\"async\" width=\"946\" height=\"630\" data-attachment-id=\"115544\" data-permalink=\"https:\/\/eldiariodesanpedro.com.ar\/sitio\/continua-funcionando-la-oficina-del-renaper-para-renovar-dni-y-pasaporte-en-la-udai-de-anses\/whatsapp-image-2023-03-02-at-08-30-43-1\/\" data-orig-file=\"https:\/\/eldiariodesanpedro.com.ar\/sitio\/wp-content\/uploads\/2023\/03\/WhatsApp-Image-2023-03-02-at-08.30.43-1.jpeg\" data-orig-size=\"946,630\" data-comments-opened=\"0\" data-image-meta=\"{&quot;aperture&quot;:&quot;0&quot;,&quot;credit&quot;:&quot;&quot;,&quot;camera&quot;:&quot;&quot;,&quot;caption&quot;:&quot;&quot;,&quot;created_timestamp&quot;:&quot;0&quot;,&quot;copyright&quot;:&quot;&quot;,&quot;focal_length&quot;:&quot;0&quot;,&quot;iso&quot;:&quot;0&quot;,&quot;shutter_speed&quot;:&quot;0&quot;,&quot;title&quot;:&quot;&quot;,&quot;orientation&quot;:&quot;0&quot;}\" data-image-title=\"WhatsApp Image 2023-03-02 at 08.30.43 (1)\" data-image-description=\"\" data-image-caption=\"\" data-large-file=\"https:\/\/eldiariodesanpedro.com.ar\/sitio\/wp-content\/uploads\/2023\/03\/WhatsApp-Image-2023-03-02-at-08.30.43-1.jpeg\" data-src=\"https:\/\/eldiariodesanpedro.com.ar\/sitio\/wp-content\/uploads\/2023\/03\/WhatsApp-Image-2023-03-02-at-08.30.43-1.jpeg\" alt=\"\" class=\"wp-image-115544 lazyload\" data-srcset=\"https:\/\/eldiariodesanpedro.com.ar\/sitio\/wp-content\/uploads\/2023\/03\/WhatsApp-Image-2023-03-02-at-08.30.43-1.jpeg 946w, https:\/\/eldiariodesanpedro.com.ar\/sitio\/wp-content\/uploads\/2023\/03\/WhatsApp-Image-2023-03-02-at-08.30.43-1-300x200.jpeg 300w, https:\/\/eldiariodesanpedro.com.ar\/sitio\/wp-content\/uploads\/2023\/03\/WhatsApp-Image-2023-03-02-at-08.30.43-1-768x511.jpeg 768w\" data-sizes=\"(max-width: 946px) 100vw, 946px\" src=\"data:image\/svg+xml;base64,PHN2ZyB3aWR0aD0iMSIgaGVpZ2h0PSIxIiB4bWxucz0iaHR0cDovL3d3dy53My5vcmcvMjAwMC9zdmciPjwvc3ZnPg==\" style=\"--smush-placeholder-width: 946px; --smush-placeholder-aspect-ratio: 946\/630;\" \/><\/figure>\n\n\n\n<figure class=\"wp-block-image size-full\"><img decoding=\"async\" width=\"980\" height=\"630\" data-attachment-id=\"115543\" data-permalink=\"https:\/\/eldiariodesanpedro.com.ar\/sitio\/continua-funcionando-la-oficina-del-renaper-para-renovar-dni-y-pasaporte-en-la-udai-de-anses\/whatsapp-image-2023-03-02-at-08-30-41\/\" data-orig-file=\"https:\/\/eldiariodesanpedro.com.ar\/sitio\/wp-content\/uploads\/2023\/03\/WhatsApp-Image-2023-03-02-at-08.30.41.jpeg\" data-orig-size=\"980,630\" data-comments-opened=\"0\" data-image-meta=\"{&quot;aperture&quot;:&quot;0&quot;,&quot;credit&quot;:&quot;&quot;,&quot;camera&quot;:&quot;&quot;,&quot;caption&quot;:&quot;&quot;,&quot;created_timestamp&quot;:&quot;0&quot;,&quot;copyright&quot;:&quot;&quot;,&quot;focal_length&quot;:&quot;0&quot;,&quot;iso&quot;:&quot;0&quot;,&quot;shutter_speed&quot;:&quot;0&quot;,&quot;title&quot;:&quot;&quot;,&quot;orientation&quot;:&quot;0&quot;}\" data-image-title=\"WhatsApp Image 2023-03-02 at 08.30.41\" data-image-description=\"\" data-image-caption=\"\" data-large-file=\"https:\/\/eldiariodesanpedro.com.ar\/sitio\/wp-content\/uploads\/2023\/03\/WhatsApp-Image-2023-03-02-at-08.30.41.jpeg\" data-src=\"https:\/\/eldiariodesanpedro.com.ar\/sitio\/wp-content\/uploads\/2023\/03\/WhatsApp-Image-2023-03-02-at-08.30.41.jpeg\" alt=\"\" class=\"wp-image-115543 lazyload\" data-srcset=\"https:\/\/eldiariodesanpedro.com.ar\/sitio\/wp-content\/uploads\/2023\/03\/WhatsApp-Image-2023-03-02-at-08.30.41.jpeg 980w, https:\/\/eldiariodesanpedro.com.ar\/sitio\/wp-content\/uploads\/2023\/03\/WhatsApp-Image-2023-03-02-at-08.30.41-300x193.jpeg 300w, https:\/\/eldiariodesanpedro.com.ar\/sitio\/wp-content\/uploads\/2023\/03\/WhatsApp-Image-2023-03-02-at-08.30.41-768x494.jpeg 768w\" data-sizes=\"(max-width: 980px) 100vw, 980px\" src=\"data:image\/svg+xml;base64,PHN2ZyB3aWR0aD0iMSIgaGVpZ2h0PSIxIiB4bWxucz0iaHR0cDovL3d3dy53My5vcmcvMjAwMC9zdmciPjwvc3ZnPg==\" style=\"--smush-placeholder-width: 980px; --smush-placeholder-aspect-ratio: 980\/630;\" \/><\/figure>\n","protected":false},"excerpt":{"rendered":"<p>La Municipalidad de San Pedro recuerda que la UDAI de ANSES de San Pedro cuenta con una oficina especial del Registro Nacional de las Personas para poder gestionar \u00absin turno previo\u00bb los tr\u00e1mites esenciales que anteriormente s\u00f3lo pod\u00edan realizarse en la delegaci\u00f3n del Registro. Todos los d\u00edas de 8.00 a 14.00 hs. por orden de [&hellip;]<\/p>\n","protected":false},"author":4,"featured_media":115546,"comment_status":"closed","ping_status":"closed","sticky":false,"template":"","format":"standard","meta":{"om_disable_all_campaigns":false,"_jetpack_memberships_contains_paid_content":false,"footnotes":""},"categories":[50,101,2],"tags":[197,696,33,19],"class_list":["post-115542","post","type-post","status-publish","format-standard","has-post-thumbnail","hentry","category-destacadas","category-interes-general-locales","category-locales","tag-buenos-aires","tag-interes-general","tag-locales","tag-san-pedro"],"aioseo_notices":[],"gutentor_comment":0,"jetpack_featured_media_url":"https:\/\/eldiariodesanpedro.com.ar\/sitio\/wp-content\/uploads\/2023\/03\/WhatsApp-Image-2023-03-02-at-08.30.43.jpeg","jetpack_shortlink":"https:\/\/wp.me\/p6RhLt-u3A","jetpack_sharing_enabled":true,"_links":{"self":[{"href":"https:\/\/eldiariodesanpedro.com.ar\/sitio\/wp-json\/wp\/v2\/posts\/115542","targetHints":{"allow":["GET"]}}],"collection":[{"href":"https:\/\/eldiariodesanpedro.com.ar\/sitio\/wp-json\/wp\/v2\/posts"}],"about":[{"href":"https:\/\/eldiariodesanpedro.com.ar\/sitio\/wp-json\/wp\/v2\/types\/post"}],"author":[{"embeddable":true,"href":"https:\/\/eldiariodesanpedro.com.ar\/sitio\/wp-json\/wp\/v2\/users\/4"}],"replies":[{"embeddable":true,"href":"https:\/\/eldiariodesanpedro.com.ar\/sitio\/wp-json\/wp\/v2\/comments?post=115542"}],"version-history":[{"count":1,"href":"https:\/\/eldiariodesanpedro.com.ar\/sitio\/wp-json\/wp\/v2\/posts\/115542\/revisions"}],"predecessor-version":[{"id":115547,"href":"https:\/\/eldiariodesanpedro.com.ar\/sitio\/wp-json\/wp\/v2\/posts\/115542\/revisions\/115547"}],"wp:featuredmedia":[{"embeddable":true,"href":"https:\/\/eldiariodesanpedro.com.ar\/sitio\/wp-json\/wp\/v2\/media\/115546"}],"wp:attachment":[{"href":"https:\/\/eldiariodesanpedro.com.ar\/sitio\/wp-json\/wp\/v2\/media?parent=115542"}],"wp:term":[{"taxonomy":"category","embeddable":true,"href":"https:\/\/eldiariodesanpedro.com.ar\/sitio\/wp-json\/wp\/v2\/categories?post=115542"},{"taxonomy":"post_tag","embeddable":true,"href":"https:\/\/eldiariodesanpedro.com.ar\/sitio\/wp-json\/wp\/v2\/tags?post=115542"}],"curies":[{"name":"wp","href":"https:\/\/api.w.org\/{rel}","templated":true}]}}