{"id":115526,"date":"2023-03-02T09:17:11","date_gmt":"2023-03-02T12:17:11","guid":{"rendered":"https:\/\/eldiariodesanpedro.com.ar\/sitio\/?p=115526"},"modified":"2023-03-02T09:17:13","modified_gmt":"2023-03-02T12:17:13","slug":"recuperan-el-plano-original-de-la-primera-bodega-de-la-familia-scandiani","status":"publish","type":"post","link":"https:\/\/eldiariodesanpedro.com.ar\/sitio\/recuperan-el-plano-original-de-la-primera-bodega-de-la-familia-scandiani\/","title":{"rendered":"Recuperan el plano original de la primera bodega de la familia Scandiani"},"content":{"rendered":"<!-- VideographyWP Plugin Message: Automatic video embedding prevented by plugin options. -->\n\n<p><strong>Una copia digitalizada quedar\u00e1 en el Archivo de Documentaci\u00f3n Hist\u00f3rica del Museo Paleontol\u00f3gico<\/strong><\/p>\n\n\n\n<p>La familia Scandiani se encuentra restaurando el antiguo almac\u00e9n \u201cLa Susana\u201d, viejo edificio de campo ubicado en el denominado Paraje Basso. En las pr\u00f3ximas semanas, volver\u00e1 a cobrar vida y comenzar\u00e1 a funcionar como un nuevo punto gastron\u00f3mico, camino a Vuelta de Obligado.<\/p>\n\n\n\n<p>En ese contexto y en la b\u00fasqueda de documentaci\u00f3n, im\u00e1genes y dem\u00e1s objetos que permitan contar la historia de un lugar emblem\u00e1tico del San Pedro de la primera mitad del siglo XX, dieron con el antiguo plano de la bodega \u201c<strong><em>La Ribera<\/em><\/strong>\u201d.<\/p>\n\n\n\n<p>El ajado plano de&nbsp;<strong>1928<\/strong>, muestra la distribuci\u00f3n de la primera bodega establecida por la familia en nuestra zona.<\/p>\n\n\n\n<p>La estancia donde funcion\u00f3 era propiedad de Mar\u00eda Obligado y Francisco Soto y Calvo, mientras que la finca se llamaba \u201c<strong><em>La Vi\u00f1a<\/em><\/strong>\u201d, una fracci\u00f3n de tierra alquilada por Don Jos\u00e9 Scandiani. All\u00ed, Luis Scandiani, uno de sus hijos,&nbsp;junto a su esposa, Mar\u00eda Dentone,&nbsp;arm\u00f3 la bodega \u201c<strong><em>La Ribera<\/em><\/strong>\u201d.<\/p>\n\n\n\n<p>El lugar ten\u00eda una llamativa construcci\u00f3n de la que sobresal\u00eda un altillo en forma de peque\u00f1a torre, que resisti\u00f3 el embate del tiempo hasta que fue lamentablemente demolida hace apenas unos a\u00f1os. Cualquiera que haya recorrido el camino de tierra que une Obligado con Para\u00edso, tal vez recuerde aquella torre en cuyo frente se le\u00eda \u201cLa Vi\u00f1a\u201d, en letras en relieve.<\/p>\n\n\n\n<p>Unos a\u00f1os m\u00e1s tarde compran el campo donde se terminaron estableciendo y armando su segunda bodega, \u201c<strong><em>La Salamanca<\/em><\/strong>\u201d, la cual funcion\u00f3 en un sector del mismo predio donde ahora la familia pronto reabrir\u00e1 el viejo almac\u00e9n \u201c<strong><em>La Susana<\/em><\/strong>\u201d convertido, esta vez, en asador de campo.<\/p>\n\n\n\n<p>El plano apareci\u00f3 en un antiguo y olvidado ba\u00fal, junto a numerosos papeles de la \u00e9poca que hoy clasifica la familia para poder exhibirlos en su nuevo emprendimiento y que se pueda difundir, as\u00ed, una historia poco conocida para las nuevas generaciones que nos muestra un San Pedro con vi\u00f1edos, ocupando numerosa mano de obra de toda la zona.<\/p>\n\n\n\n<p>Desde el Museo Paleontol\u00f3gico de San Pedro se agradece a la familia Scandiani, y especialmente a la Sra. Mercedes, por permitir la difusi\u00f3n de este documento y por depositar su copia digitalizada en el archivo de la instituci\u00f3n.<\/p>\n\n\n<div class=\"wp-block-image\">\n<figure class=\"aligncenter size-full\"><img decoding=\"async\" width=\"354\" height=\"630\" data-attachment-id=\"115528\" data-permalink=\"https:\/\/eldiariodesanpedro.com.ar\/sitio\/recuperan-el-plano-original-de-la-primera-bodega-de-la-familia-scandiani\/la-vina-para-gacetilla\/\" data-orig-file=\"https:\/\/eldiariodesanpedro.com.ar\/sitio\/wp-content\/uploads\/2023\/03\/LA-VINA-PARA-GACETILLA.jpg\" data-orig-size=\"354,630\" data-comments-opened=\"0\" data-image-meta=\"{&quot;aperture&quot;:&quot;2&quot;,&quot;credit&quot;:&quot;&quot;,&quot;camera&quot;:&quot;LG-X230&quot;,&quot;caption&quot;:&quot;&quot;,&quot;created_timestamp&quot;:&quot;1522682473&quot;,&quot;copyright&quot;:&quot;&quot;,&quot;focal_length&quot;:&quot;3.5&quot;,&quot;iso&quot;:&quot;125&quot;,&quot;shutter_speed&quot;:&quot;0.001022&quot;,&quot;title&quot;:&quot;&quot;,&quot;orientation&quot;:&quot;1&quot;}\" data-image-title=\"LA-VINA-PARA-GACETILLA\" data-image-description=\"\" data-image-caption=\"\" data-large-file=\"https:\/\/eldiariodesanpedro.com.ar\/sitio\/wp-content\/uploads\/2023\/03\/LA-VINA-PARA-GACETILLA.jpg\" data-src=\"https:\/\/eldiariodesanpedro.com.ar\/sitio\/wp-content\/uploads\/2023\/03\/LA-VINA-PARA-GACETILLA.jpg\" alt=\"\" class=\"wp-image-115528 lazyload\" data-srcset=\"https:\/\/eldiariodesanpedro.com.ar\/sitio\/wp-content\/uploads\/2023\/03\/LA-VINA-PARA-GACETILLA.jpg 354w, https:\/\/eldiariodesanpedro.com.ar\/sitio\/wp-content\/uploads\/2023\/03\/LA-VINA-PARA-GACETILLA-169x300.jpg 169w\" data-sizes=\"(max-width: 354px) 100vw, 354px\" src=\"data:image\/svg+xml;base64,PHN2ZyB3aWR0aD0iMSIgaGVpZ2h0PSIxIiB4bWxucz0iaHR0cDovL3d3dy53My5vcmcvMjAwMC9zdmciPjwvc3ZnPg==\" style=\"--smush-placeholder-width: 354px; --smush-placeholder-aspect-ratio: 354\/630;\" \/><\/figure>\n<\/div>","protected":false},"excerpt":{"rendered":"<p>Una copia digitalizada quedar\u00e1 en el Archivo de Documentaci\u00f3n Hist\u00f3rica del Museo Paleontol\u00f3gico La familia Scandiani se encuentra restaurando el antiguo almac\u00e9n \u201cLa Susana\u201d, viejo edificio de campo ubicado en el denominado Paraje Basso. En las pr\u00f3ximas semanas, volver\u00e1 a cobrar vida y comenzar\u00e1 a funcionar como un nuevo punto gastron\u00f3mico, camino a Vuelta de [&hellip;]<\/p>\n","protected":false},"author":4,"featured_media":115527,"comment_status":"closed","ping_status":"closed","sticky":false,"template":"","format":"standard","meta":{"om_disable_all_campaigns":false,"_jetpack_memberships_contains_paid_content":false,"footnotes":""},"categories":[101,2],"tags":[197,696,33,19],"class_list":["post-115526","post","type-post","status-publish","format-standard","has-post-thumbnail","hentry","category-interes-general-locales","category-locales","tag-buenos-aires","tag-interes-general","tag-locales","tag-san-pedro"],"aioseo_notices":[],"gutentor_comment":0,"jetpack_featured_media_url":"https:\/\/eldiariodesanpedro.com.ar\/sitio\/wp-content\/uploads\/2023\/03\/PLANO-BODEGA-LA-RIBERA-PARA-GACETILLA.jpg","jetpack_shortlink":"https:\/\/wp.me\/p6RhLt-u3k","jetpack_sharing_enabled":true,"_links":{"self":[{"href":"https:\/\/eldiariodesanpedro.com.ar\/sitio\/wp-json\/wp\/v2\/posts\/115526","targetHints":{"allow":["GET"]}}],"collection":[{"href":"https:\/\/eldiariodesanpedro.com.ar\/sitio\/wp-json\/wp\/v2\/posts"}],"about":[{"href":"https:\/\/eldiariodesanpedro.com.ar\/sitio\/wp-json\/wp\/v2\/types\/post"}],"author":[{"embeddable":true,"href":"https:\/\/eldiariodesanpedro.com.ar\/sitio\/wp-json\/wp\/v2\/users\/4"}],"replies":[{"embeddable":true,"href":"https:\/\/eldiariodesanpedro.com.ar\/sitio\/wp-json\/wp\/v2\/comments?post=115526"}],"version-history":[{"count":1,"href":"https:\/\/eldiariodesanpedro.com.ar\/sitio\/wp-json\/wp\/v2\/posts\/115526\/revisions"}],"predecessor-version":[{"id":115529,"href":"https:\/\/eldiariodesanpedro.com.ar\/sitio\/wp-json\/wp\/v2\/posts\/115526\/revisions\/115529"}],"wp:featuredmedia":[{"embeddable":true,"href":"https:\/\/eldiariodesanpedro.com.ar\/sitio\/wp-json\/wp\/v2\/media\/115527"}],"wp:attachment":[{"href":"https:\/\/eldiariodesanpedro.com.ar\/sitio\/wp-json\/wp\/v2\/media?parent=115526"}],"wp:term":[{"taxonomy":"category","embeddable":true,"href":"https:\/\/eldiariodesanpedro.com.ar\/sitio\/wp-json\/wp\/v2\/categories?post=115526"},{"taxonomy":"post_tag","embeddable":true,"href":"https:\/\/eldiariodesanpedro.com.ar\/sitio\/wp-json\/wp\/v2\/tags?post=115526"}],"curies":[{"name":"wp","href":"https:\/\/api.w.org\/{rel}","templated":true}]}}