{"id":115524,"date":"2023-03-02T09:13:29","date_gmt":"2023-03-02T12:13:29","guid":{"rendered":"https:\/\/eldiariodesanpedro.com.ar\/sitio\/?p=115524"},"modified":"2023-03-02T09:13:31","modified_gmt":"2023-03-02T12:13:31","slug":"becas-progresar-esta-abierta-la-primera-convocatoria-del-ano","status":"publish","type":"post","link":"https:\/\/eldiariodesanpedro.com.ar\/sitio\/becas-progresar-esta-abierta-la-primera-convocatoria-del-ano\/","title":{"rendered":"Becas Progresar: Est\u00e1 abierta la primera convocatoria del a\u00f1o"},"content":{"rendered":"<!-- VideographyWP Plugin Message: Automatic video embedding prevented by plugin options. -->\n\n<p>ANSES, en conjunto con el Ministerio de Educaci\u00f3n de la Naci\u00f3n, informa que hasta el 31 de marzo permanece abierta la inscripci\u00f3n&nbsp;para la primera convocatoria del a\u00f1o a las Becas Progresar&nbsp;en todas sus l\u00edneas:&nbsp;<em>Progresar 16 y 17 a\u00f1os<\/em>;&nbsp;<em>Progresar Obligatorio<\/em>;&nbsp;<em>Progresar Superior<\/em>;&nbsp;<em>Progresar Enfermer\u00eda&nbsp;<\/em>y&nbsp;<em>Progresar Trabajo<\/em>.<\/p>\n\n\n\n<p>El valor general de la beca es de 9000 pesos, incluye un plus por conectividad, se cobra el 80 por ciento mensualmente y el 20 por ciento restante, al finalizar el per\u00edodo, acreditando la condici\u00f3n de alumno regular.<\/p>\n\n\n\n<p>Quienes est\u00e9n interesados en anotarse pueden hacerlo desde&nbsp;<a href=\"http:\/\/www.argentina.gob.ar\/educacion\/progresar\" target=\"_blank\" rel=\"noreferrer noopener\">www.argentina.gob.ar\/educacion\/progresar<\/a>.&nbsp;En el caso de&nbsp;<em>Progresar Trabajo<\/em>, la inscripci\u00f3n es durante todo el a\u00f1o.<\/p>\n\n\n\n<p>Es importante tener en cuenta que los ingresos del grupo familiar de la o el titular no deben ser superiores a 3 Salarios M\u00ednimos, Vitales y M\u00f3viles (SMVM), es decir, un total de 208.500 pesos desde el 1\u00ba de marzo.<\/p>\n\n\n\n<p>Para m\u00e1s informaci\u00f3n, se puede ingresar&nbsp;<a href=\"https:\/\/www.anses.gob.ar\/educacion\/progresar\" target=\"_blank\" rel=\"noreferrer noopener\">aqu\u00ed<\/a><\/p>\n","protected":false},"excerpt":{"rendered":"<p>ANSES, en conjunto con el Ministerio de Educaci\u00f3n de la Naci\u00f3n, informa que hasta el 31 de marzo permanece abierta la inscripci\u00f3n&nbsp;para la primera convocatoria del a\u00f1o a las Becas Progresar&nbsp;en todas sus l\u00edneas:&nbsp;Progresar 16 y 17 a\u00f1os;&nbsp;Progresar Obligatorio;&nbsp;Progresar Superior;&nbsp;Progresar Enfermer\u00eda&nbsp;y&nbsp;Progresar Trabajo. El valor general de la beca es de 9000 pesos, incluye un plus [&hellip;]<\/p>\n","protected":false},"author":4,"featured_media":87491,"comment_status":"closed","ping_status":"closed","sticky":false,"template":"","format":"standard","meta":{"om_disable_all_campaigns":false,"_jetpack_memberships_contains_paid_content":false,"footnotes":""},"categories":[101,2],"tags":[197,696,33,19],"class_list":["post-115524","post","type-post","status-publish","format-standard","has-post-thumbnail","hentry","category-interes-general-locales","category-locales","tag-buenos-aires","tag-interes-general","tag-locales","tag-san-pedro"],"aioseo_notices":[],"gutentor_comment":0,"jetpack_featured_media_url":"https:\/\/eldiariodesanpedro.com.ar\/sitio\/wp-content\/uploads\/2021\/02\/anses-4.jpg","jetpack_shortlink":"https:\/\/wp.me\/p6RhLt-u3i","jetpack_sharing_enabled":true,"_links":{"self":[{"href":"https:\/\/eldiariodesanpedro.com.ar\/sitio\/wp-json\/wp\/v2\/posts\/115524","targetHints":{"allow":["GET"]}}],"collection":[{"href":"https:\/\/eldiariodesanpedro.com.ar\/sitio\/wp-json\/wp\/v2\/posts"}],"about":[{"href":"https:\/\/eldiariodesanpedro.com.ar\/sitio\/wp-json\/wp\/v2\/types\/post"}],"author":[{"embeddable":true,"href":"https:\/\/eldiariodesanpedro.com.ar\/sitio\/wp-json\/wp\/v2\/users\/4"}],"replies":[{"embeddable":true,"href":"https:\/\/eldiariodesanpedro.com.ar\/sitio\/wp-json\/wp\/v2\/comments?post=115524"}],"version-history":[{"count":1,"href":"https:\/\/eldiariodesanpedro.com.ar\/sitio\/wp-json\/wp\/v2\/posts\/115524\/revisions"}],"predecessor-version":[{"id":115525,"href":"https:\/\/eldiariodesanpedro.com.ar\/sitio\/wp-json\/wp\/v2\/posts\/115524\/revisions\/115525"}],"wp:featuredmedia":[{"embeddable":true,"href":"https:\/\/eldiariodesanpedro.com.ar\/sitio\/wp-json\/wp\/v2\/media\/87491"}],"wp:attachment":[{"href":"https:\/\/eldiariodesanpedro.com.ar\/sitio\/wp-json\/wp\/v2\/media?parent=115524"}],"wp:term":[{"taxonomy":"category","embeddable":true,"href":"https:\/\/eldiariodesanpedro.com.ar\/sitio\/wp-json\/wp\/v2\/categories?post=115524"},{"taxonomy":"post_tag","embeddable":true,"href":"https:\/\/eldiariodesanpedro.com.ar\/sitio\/wp-json\/wp\/v2\/tags?post=115524"}],"curies":[{"name":"wp","href":"https:\/\/api.w.org\/{rel}","templated":true}]}}