{"id":115518,"date":"2023-03-01T08:49:59","date_gmt":"2023-03-01T11:49:59","guid":{"rendered":"https:\/\/eldiariodesanpedro.com.ar\/sitio\/?p=115518"},"modified":"2023-03-01T08:50:02","modified_gmt":"2023-03-01T11:50:02","slug":"dos-menores-aprehendidos-cuando-llevaban-un-equipo-de-sonido","status":"publish","type":"post","link":"https:\/\/eldiariodesanpedro.com.ar\/sitio\/dos-menores-aprehendidos-cuando-llevaban-un-equipo-de-sonido\/","title":{"rendered":"Dos menores aprehendidos cuando llevaban un equipo de sonido"},"content":{"rendered":"<!-- VideographyWP Plugin Message: Automatic video embedding prevented by plugin options. -->\n\n<p>En el dia de hoy el personal policial se hace presente en calle San Martin al 900 donde proceden al traslado de dos j\u00f3venes menores de 17 y 14 a\u00f1os, quienes transportaban un equipo de audio marca SEISA de dudosa procedencia.<\/p>\n\n\n\n<p>Comunicaci\u00f3n con la  UFI del Joven dispone notifique a los imputados de la formaci\u00f3n de la causa y posteriormente se les otorgue la libertad haci\u00e9ndole entrega a los progenitores. <\/p>\n","protected":false},"excerpt":{"rendered":"<p>En el dia de hoy el personal policial se hace presente en calle San Martin al 900 donde proceden al traslado de dos j\u00f3venes menores de 17 y 14 a\u00f1os, quienes transportaban un equipo de audio marca SEISA de dudosa procedencia. Comunicaci\u00f3n con la UFI del Joven dispone notifique a los imputados de la formaci\u00f3n [&hellip;]<\/p>\n","protected":false},"author":4,"featured_media":115519,"comment_status":"closed","ping_status":"closed","sticky":false,"template":"","format":"standard","meta":{"om_disable_all_campaigns":false,"_jetpack_memberships_contains_paid_content":false,"footnotes":""},"categories":[2,103],"tags":[197,33,95,19],"class_list":["post-115518","post","type-post","status-publish","format-standard","has-post-thumbnail","hentry","category-locales","category-policiales-locales","tag-buenos-aires","tag-locales","tag-policiales","tag-san-pedro"],"aioseo_notices":[],"gutentor_comment":0,"jetpack_featured_media_url":"https:\/\/eldiariodesanpedro.com.ar\/sitio\/wp-content\/uploads\/2023\/03\/20230301_084454.jpg","jetpack_shortlink":"https:\/\/wp.me\/p6RhLt-u3c","jetpack_sharing_enabled":true,"_links":{"self":[{"href":"https:\/\/eldiariodesanpedro.com.ar\/sitio\/wp-json\/wp\/v2\/posts\/115518","targetHints":{"allow":["GET"]}}],"collection":[{"href":"https:\/\/eldiariodesanpedro.com.ar\/sitio\/wp-json\/wp\/v2\/posts"}],"about":[{"href":"https:\/\/eldiariodesanpedro.com.ar\/sitio\/wp-json\/wp\/v2\/types\/post"}],"author":[{"embeddable":true,"href":"https:\/\/eldiariodesanpedro.com.ar\/sitio\/wp-json\/wp\/v2\/users\/4"}],"replies":[{"embeddable":true,"href":"https:\/\/eldiariodesanpedro.com.ar\/sitio\/wp-json\/wp\/v2\/comments?post=115518"}],"version-history":[{"count":1,"href":"https:\/\/eldiariodesanpedro.com.ar\/sitio\/wp-json\/wp\/v2\/posts\/115518\/revisions"}],"predecessor-version":[{"id":115520,"href":"https:\/\/eldiariodesanpedro.com.ar\/sitio\/wp-json\/wp\/v2\/posts\/115518\/revisions\/115520"}],"wp:featuredmedia":[{"embeddable":true,"href":"https:\/\/eldiariodesanpedro.com.ar\/sitio\/wp-json\/wp\/v2\/media\/115519"}],"wp:attachment":[{"href":"https:\/\/eldiariodesanpedro.com.ar\/sitio\/wp-json\/wp\/v2\/media?parent=115518"}],"wp:term":[{"taxonomy":"category","embeddable":true,"href":"https:\/\/eldiariodesanpedro.com.ar\/sitio\/wp-json\/wp\/v2\/categories?post=115518"},{"taxonomy":"post_tag","embeddable":true,"href":"https:\/\/eldiariodesanpedro.com.ar\/sitio\/wp-json\/wp\/v2\/tags?post=115518"}],"curies":[{"name":"wp","href":"https:\/\/api.w.org\/{rel}","templated":true}]}}