{"id":115510,"date":"2023-02-28T19:08:21","date_gmt":"2023-02-28T22:08:21","guid":{"rendered":"https:\/\/eldiariodesanpedro.com.ar\/sitio\/?p=115510"},"modified":"2023-02-28T19:08:22","modified_gmt":"2023-02-28T22:08:22","slug":"comienzo-de-temporada-de-empaque-de-citricos-de-mfruit","status":"publish","type":"post","link":"https:\/\/eldiariodesanpedro.com.ar\/sitio\/comienzo-de-temporada-de-empaque-de-citricos-de-mfruit\/","title":{"rendered":"Comienzo de Temporada de empaque de C\u00edtricos de Mfruit"},"content":{"rendered":"<!-- VideographyWP Plugin Message: Automatic video embedding prevented by plugin options. -->\n\n<p>Por medio de la presente se notifica en los t\u00e9rminos del Art. 98 de la L.C.T. y se convoca al personal permanente discontinuo que prestara servicios en el galp\u00f3n de empaque en la \u00faltima temporada de fruta c\u00edtrica, para que exprese su voluntad de reiterar la relaci\u00f3n en los t\u00e9rminos del ciclo anterior.&nbsp;<\/p>\n\n\n\n<p>Los trabajadores deber\u00e1n manifestarlo por escrito o personalmente en calle Bottaro 2885 de esta ciudad.&nbsp;<\/p>\n\n\n\n<p>El comienzo de la temporada se producir\u00eda el 13\/03\/2023.-&nbsp;<\/p>\n\n\n\n<p>(Publicaci\u00f3n V\u00e1lida por los d\u00edas 28 de febrero, 01 y 02 de marzo de 2023)<\/p>\n","protected":false},"excerpt":{"rendered":"<p>Por medio de la presente se notifica en los t\u00e9rminos del Art. 98 de la L.C.T. y se convoca al personal permanente discontinuo que prestara servicios en el galp\u00f3n de empaque en la \u00faltima temporada de fruta c\u00edtrica, para que exprese su voluntad de reiterar la relaci\u00f3n en los t\u00e9rminos del ciclo anterior.&nbsp; Los trabajadores [&hellip;]<\/p>\n","protected":false},"author":4,"featured_media":115511,"comment_status":"closed","ping_status":"closed","sticky":false,"template":"","format":"standard","meta":{"om_disable_all_campaigns":false,"_jetpack_memberships_contains_paid_content":false,"footnotes":""},"categories":[678,676],"tags":[197,19],"class_list":["post-115510","post","type-post","status-publish","format-standard","has-post-thumbnail","hentry","category-convocatorias","category-edictos","tag-buenos-aires","tag-san-pedro"],"aioseo_notices":[],"gutentor_comment":0,"jetpack_featured_media_url":"https:\/\/eldiariodesanpedro.com.ar\/sitio\/wp-content\/uploads\/2023\/02\/Mfruit-SRL-marzo-2023.jpg","jetpack_shortlink":"https:\/\/wp.me\/p6RhLt-u34","jetpack_sharing_enabled":true,"_links":{"self":[{"href":"https:\/\/eldiariodesanpedro.com.ar\/sitio\/wp-json\/wp\/v2\/posts\/115510","targetHints":{"allow":["GET"]}}],"collection":[{"href":"https:\/\/eldiariodesanpedro.com.ar\/sitio\/wp-json\/wp\/v2\/posts"}],"about":[{"href":"https:\/\/eldiariodesanpedro.com.ar\/sitio\/wp-json\/wp\/v2\/types\/post"}],"author":[{"embeddable":true,"href":"https:\/\/eldiariodesanpedro.com.ar\/sitio\/wp-json\/wp\/v2\/users\/4"}],"replies":[{"embeddable":true,"href":"https:\/\/eldiariodesanpedro.com.ar\/sitio\/wp-json\/wp\/v2\/comments?post=115510"}],"version-history":[{"count":1,"href":"https:\/\/eldiariodesanpedro.com.ar\/sitio\/wp-json\/wp\/v2\/posts\/115510\/revisions"}],"predecessor-version":[{"id":115512,"href":"https:\/\/eldiariodesanpedro.com.ar\/sitio\/wp-json\/wp\/v2\/posts\/115510\/revisions\/115512"}],"wp:featuredmedia":[{"embeddable":true,"href":"https:\/\/eldiariodesanpedro.com.ar\/sitio\/wp-json\/wp\/v2\/media\/115511"}],"wp:attachment":[{"href":"https:\/\/eldiariodesanpedro.com.ar\/sitio\/wp-json\/wp\/v2\/media?parent=115510"}],"wp:term":[{"taxonomy":"category","embeddable":true,"href":"https:\/\/eldiariodesanpedro.com.ar\/sitio\/wp-json\/wp\/v2\/categories?post=115510"},{"taxonomy":"post_tag","embeddable":true,"href":"https:\/\/eldiariodesanpedro.com.ar\/sitio\/wp-json\/wp\/v2\/tags?post=115510"}],"curies":[{"name":"wp","href":"https:\/\/api.w.org\/{rel}","templated":true}]}}