{"id":115498,"date":"2023-02-28T17:43:15","date_gmt":"2023-02-28T20:43:15","guid":{"rendered":"https:\/\/eldiariodesanpedro.com.ar\/sitio\/?p=115498"},"modified":"2023-02-28T17:43:18","modified_gmt":"2023-02-28T20:43:18","slug":"edicto-de-sucesion-de-patricia-valentina-quiroga","status":"publish","type":"post","link":"https:\/\/eldiariodesanpedro.com.ar\/sitio\/edicto-de-sucesion-de-patricia-valentina-quiroga\/","title":{"rendered":"Edicto de Sucesi\u00f3n de Patricia Valentina Quiroga"},"content":{"rendered":"<!-- VideographyWP Plugin Message: Automatic video embedding prevented by plugin options. -->\n\n<p>El Juzgado de Paz letrado de Baradero cita y emplaza por 30 d\u00edas a herederos y acreedores de <strong>Patricia Valentina Quiroga<\/strong>.- Baradero, 17 de Febrero de 2023.-<\/p>\n\n\n\n<p>ESTEBAN OMAR PERUSINA\u00a0<br>ABOGADO SECRETARIO\u00a0\u00a0<\/p>\n\n\n\n<p>(Publicaci\u00f3n V\u00e1lida por los d\u00edas 28 de febrero, 01 y 02 de marzo de 2023)<\/p>\n","protected":false},"excerpt":{"rendered":"<p>El Juzgado de Paz letrado de Baradero cita y emplaza por 30 d\u00edas a herederos y acreedores de Patricia Valentina Quiroga.- Baradero, 17 de Febrero de 2023.- ESTEBAN OMAR PERUSINA\u00a0ABOGADO SECRETARIO\u00a0\u00a0 (Publicaci\u00f3n V\u00e1lida por los d\u00edas 28 de febrero, 01 y 02 de marzo de 2023)<\/p>\n","protected":false},"author":4,"featured_media":102746,"comment_status":"closed","ping_status":"closed","sticky":false,"template":"","format":"standard","meta":{"om_disable_all_campaigns":false,"_jetpack_memberships_contains_paid_content":false,"footnotes":""},"categories":[676,677],"tags":[197,3402,696,1355,19],"class_list":["post-115498","post","type-post","status-publish","format-standard","has-post-thumbnail","hentry","category-edictos","category-edictos-sucesorios","tag-buenos-aires","tag-edicto-de-sucesion-de-patricia-valentina-quiroga","tag-interes-general","tag-judiciales","tag-san-pedro"],"aioseo_notices":[],"gutentor_comment":0,"jetpack_featured_media_url":"https:\/\/eldiariodesanpedro.com.ar\/sitio\/wp-content\/uploads\/2022\/01\/EDICTO.jpg","jetpack_shortlink":"https:\/\/wp.me\/p6RhLt-u2S","jetpack_sharing_enabled":true,"_links":{"self":[{"href":"https:\/\/eldiariodesanpedro.com.ar\/sitio\/wp-json\/wp\/v2\/posts\/115498","targetHints":{"allow":["GET"]}}],"collection":[{"href":"https:\/\/eldiariodesanpedro.com.ar\/sitio\/wp-json\/wp\/v2\/posts"}],"about":[{"href":"https:\/\/eldiariodesanpedro.com.ar\/sitio\/wp-json\/wp\/v2\/types\/post"}],"author":[{"embeddable":true,"href":"https:\/\/eldiariodesanpedro.com.ar\/sitio\/wp-json\/wp\/v2\/users\/4"}],"replies":[{"embeddable":true,"href":"https:\/\/eldiariodesanpedro.com.ar\/sitio\/wp-json\/wp\/v2\/comments?post=115498"}],"version-history":[{"count":1,"href":"https:\/\/eldiariodesanpedro.com.ar\/sitio\/wp-json\/wp\/v2\/posts\/115498\/revisions"}],"predecessor-version":[{"id":115499,"href":"https:\/\/eldiariodesanpedro.com.ar\/sitio\/wp-json\/wp\/v2\/posts\/115498\/revisions\/115499"}],"wp:featuredmedia":[{"embeddable":true,"href":"https:\/\/eldiariodesanpedro.com.ar\/sitio\/wp-json\/wp\/v2\/media\/102746"}],"wp:attachment":[{"href":"https:\/\/eldiariodesanpedro.com.ar\/sitio\/wp-json\/wp\/v2\/media?parent=115498"}],"wp:term":[{"taxonomy":"category","embeddable":true,"href":"https:\/\/eldiariodesanpedro.com.ar\/sitio\/wp-json\/wp\/v2\/categories?post=115498"},{"taxonomy":"post_tag","embeddable":true,"href":"https:\/\/eldiariodesanpedro.com.ar\/sitio\/wp-json\/wp\/v2\/tags?post=115498"}],"curies":[{"name":"wp","href":"https:\/\/api.w.org\/{rel}","templated":true}]}}