{"id":115491,"date":"2023-02-28T17:02:27","date_gmt":"2023-02-28T20:02:27","guid":{"rendered":"https:\/\/eldiariodesanpedro.com.ar\/sitio\/?p=115491"},"modified":"2023-02-28T17:04:35","modified_gmt":"2023-02-28T20:04:35","slug":"uno-de-los-cuatro-aprehendidos-por-la-policial-vial-fue-condenado-por-matar-a-una-vecina-en-el-2002-estaba-libre-y-habia-regresado-a-la-localidad","status":"publish","type":"post","link":"https:\/\/eldiariodesanpedro.com.ar\/sitio\/uno-de-los-cuatro-aprehendidos-por-la-policial-vial-fue-condenado-por-matar-a-una-vecina-en-el-2002-estaba-libre-y-habia-regresado-a-la-localidad\/","title":{"rendered":"Uno de los cuatro aprehendidos por la policial vial fue condenado por matar a una vecina en el 2002, estaba libre y hab\u00eda regresado a la localidad"},"content":{"rendered":"<!-- VideographyWP Plugin Message: Automatic video embedding prevented by plugin options. -->\n\n<p>Gabriel Alejandro V\u00e1zquez es el mismo que asesin\u00f3 a una mujer en el a\u00f1o 2002, recuper\u00f3 la libertad y volvi\u00f3 a Santa Luc\u00eda. Ahora integraba la banda que asalt\u00f3 a otra familia, que, casualmente le hab\u00eda dado trabajo.<\/p>\n\n\n\n<p>El lunes por la ma\u00f1ana la polic\u00eda detuvo a una banda que ven\u00eda de protagonizar un robo en el kil\u00f3metro 21 de la Ruta 191, en jurisdicci\u00f3n de Pueblo Doyle.<\/p>\n\n\n\n<p>Con el pasar de las horas se fueron conociendo m\u00e1s detalles sobre los integrantes de la banda pero hubo un caso que no pod\u00eda pasar desapercibido.<\/p>\n\n\n\n<p>En total eran cuatro los delincuentes, uno domiciliado en Santa Luc\u00eda y los otros tres del conurbano.<\/p>\n\n\n\n<p>El malviviente que recid\u00eda en el lugar fue identificado como Gabriel Alejandro V\u00e1zquez, de 40 a\u00f1os, y considerado informante de la banda, pero tambi\u00e9n cuenta con frondosos antecedentes, entre ellos el de haber asesinado a \u00abLucy\u00bb Jauregui en el transcurso del a\u00f1o 2002 cuando junto a otros delincuentes asalt\u00f3 la propiedad que resid\u00eda y donde tambi\u00e9n otros integrantes de la familia resultaron gravemente heridos.<\/p>\n\n\n\n<p>V\u00e1zquez fue detenido y condenado pero a los pocos a\u00f1os recuper\u00f3 la libertad y como sino bastara volvi\u00f3 a vivir a la localidad, lugar en donde a diario sol\u00eda cruzarse con las v\u00edctimas de aquel terrible episodio.<\/p>\n\n\n\n<p>Pero esto no es todo ya que la familia que fue v\u00edctima del robo el lunes hab\u00eda sido empleadora de V\u00e1zquez hace alg\u00fan tiempo, es decir que conoc\u00eda los movimientos de la familia.<\/p>\n\n\n\n<p>Tampoco se descarta que el propio V\u00e1zquez tenga relaci\u00f3n con un robo que la propia familia sufri\u00f3 en un comercio que posee en el gran Buenos Aires hace algunos meses.<\/p>\n\n\n\n<figure class=\"wp-block-image size-large\"><img decoding=\"async\" width=\"1024\" height=\"576\" data-attachment-id=\"115394\" data-permalink=\"https:\/\/eldiariodesanpedro.com.ar\/sitio\/logran-aprehender-a-cuatro-delincuentes-que-robaron-esta-madrugada-a-una-familia-en-zona-rural\/whatsapp-image-2023-02-27-at-11-05-19\/\" data-orig-file=\"https:\/\/eldiariodesanpedro.com.ar\/sitio\/wp-content\/uploads\/2023\/02\/WhatsApp-Image-2023-02-27-at-11.05.19.jpeg\" data-orig-size=\"1120,630\" data-comments-opened=\"0\" data-image-meta=\"{&quot;aperture&quot;:&quot;0&quot;,&quot;credit&quot;:&quot;&quot;,&quot;camera&quot;:&quot;&quot;,&quot;caption&quot;:&quot;&quot;,&quot;created_timestamp&quot;:&quot;0&quot;,&quot;copyright&quot;:&quot;&quot;,&quot;focal_length&quot;:&quot;0&quot;,&quot;iso&quot;:&quot;0&quot;,&quot;shutter_speed&quot;:&quot;0&quot;,&quot;title&quot;:&quot;&quot;,&quot;orientation&quot;:&quot;0&quot;}\" data-image-title=\"WhatsApp Image 2023-02-27 at 11.05.19\" data-image-description=\"\" data-image-caption=\"\" data-large-file=\"https:\/\/eldiariodesanpedro.com.ar\/sitio\/wp-content\/uploads\/2023\/02\/WhatsApp-Image-2023-02-27-at-11.05.19-1024x576.jpeg\" data-src=\"https:\/\/eldiariodesanpedro.com.ar\/sitio\/wp-content\/uploads\/2023\/02\/WhatsApp-Image-2023-02-27-at-11.05.19-1024x576.jpeg\" alt=\"\" class=\"wp-image-115394 lazyload\" data-srcset=\"https:\/\/eldiariodesanpedro.com.ar\/sitio\/wp-content\/uploads\/2023\/02\/WhatsApp-Image-2023-02-27-at-11.05.19-1024x576.jpeg 1024w, https:\/\/eldiariodesanpedro.com.ar\/sitio\/wp-content\/uploads\/2023\/02\/WhatsApp-Image-2023-02-27-at-11.05.19-300x169.jpeg 300w, https:\/\/eldiariodesanpedro.com.ar\/sitio\/wp-content\/uploads\/2023\/02\/WhatsApp-Image-2023-02-27-at-11.05.19-768x432.jpeg 768w, https:\/\/eldiariodesanpedro.com.ar\/sitio\/wp-content\/uploads\/2023\/02\/WhatsApp-Image-2023-02-27-at-11.05.19.jpeg 1120w\" data-sizes=\"(max-width: 1024px) 100vw, 1024px\" src=\"data:image\/svg+xml;base64,PHN2ZyB3aWR0aD0iMSIgaGVpZ2h0PSIxIiB4bWxucz0iaHR0cDovL3d3dy53My5vcmcvMjAwMC9zdmciPjwvc3ZnPg==\" style=\"--smush-placeholder-width: 1024px; --smush-placeholder-aspect-ratio: 1024\/576;\" \/><\/figure>\n\n\n\n<figure class=\"wp-block-image size-large\"><img decoding=\"async\" width=\"1024\" height=\"576\" data-attachment-id=\"115393\" data-permalink=\"https:\/\/eldiariodesanpedro.com.ar\/sitio\/logran-aprehender-a-cuatro-delincuentes-que-robaron-esta-madrugada-a-una-familia-en-zona-rural\/whatsapp-image-2023-02-27-at-11-04-20\/\" data-orig-file=\"https:\/\/eldiariodesanpedro.com.ar\/sitio\/wp-content\/uploads\/2023\/02\/WhatsApp-Image-2023-02-27-at-11.04.20.jpeg\" data-orig-size=\"1120,630\" data-comments-opened=\"0\" data-image-meta=\"{&quot;aperture&quot;:&quot;0&quot;,&quot;credit&quot;:&quot;&quot;,&quot;camera&quot;:&quot;&quot;,&quot;caption&quot;:&quot;&quot;,&quot;created_timestamp&quot;:&quot;0&quot;,&quot;copyright&quot;:&quot;&quot;,&quot;focal_length&quot;:&quot;0&quot;,&quot;iso&quot;:&quot;0&quot;,&quot;shutter_speed&quot;:&quot;0&quot;,&quot;title&quot;:&quot;&quot;,&quot;orientation&quot;:&quot;0&quot;}\" data-image-title=\"WhatsApp Image 2023-02-27 at 11.04.20\" data-image-description=\"\" data-image-caption=\"\" data-large-file=\"https:\/\/eldiariodesanpedro.com.ar\/sitio\/wp-content\/uploads\/2023\/02\/WhatsApp-Image-2023-02-27-at-11.04.20-1024x576.jpeg\" data-src=\"https:\/\/eldiariodesanpedro.com.ar\/sitio\/wp-content\/uploads\/2023\/02\/WhatsApp-Image-2023-02-27-at-11.04.20-1024x576.jpeg\" alt=\"\" class=\"wp-image-115393 lazyload\" data-srcset=\"https:\/\/eldiariodesanpedro.com.ar\/sitio\/wp-content\/uploads\/2023\/02\/WhatsApp-Image-2023-02-27-at-11.04.20-1024x576.jpeg 1024w, https:\/\/eldiariodesanpedro.com.ar\/sitio\/wp-content\/uploads\/2023\/02\/WhatsApp-Image-2023-02-27-at-11.04.20-300x169.jpeg 300w, https:\/\/eldiariodesanpedro.com.ar\/sitio\/wp-content\/uploads\/2023\/02\/WhatsApp-Image-2023-02-27-at-11.04.20-768x432.jpeg 768w, https:\/\/eldiariodesanpedro.com.ar\/sitio\/wp-content\/uploads\/2023\/02\/WhatsApp-Image-2023-02-27-at-11.04.20.jpeg 1120w\" data-sizes=\"(max-width: 1024px) 100vw, 1024px\" src=\"data:image\/svg+xml;base64,PHN2ZyB3aWR0aD0iMSIgaGVpZ2h0PSIxIiB4bWxucz0iaHR0cDovL3d3dy53My5vcmcvMjAwMC9zdmciPjwvc3ZnPg==\" style=\"--smush-placeholder-width: 1024px; --smush-placeholder-aspect-ratio: 1024\/576;\" \/><\/figure>\n\n\n\n<figure class=\"wp-block-image size-full\"><img decoding=\"async\" width=\"354\" height=\"630\" data-attachment-id=\"115395\" data-permalink=\"https:\/\/eldiariodesanpedro.com.ar\/sitio\/logran-aprehender-a-cuatro-delincuentes-que-robaron-esta-madrugada-a-una-familia-en-zona-rural\/whatsapp-image-2023-02-27-at-11-25-24\/\" data-orig-file=\"https:\/\/eldiariodesanpedro.com.ar\/sitio\/wp-content\/uploads\/2023\/02\/WhatsApp-Image-2023-02-27-at-11.25.24.jpeg\" data-orig-size=\"354,630\" data-comments-opened=\"0\" data-image-meta=\"{&quot;aperture&quot;:&quot;0&quot;,&quot;credit&quot;:&quot;&quot;,&quot;camera&quot;:&quot;&quot;,&quot;caption&quot;:&quot;&quot;,&quot;created_timestamp&quot;:&quot;0&quot;,&quot;copyright&quot;:&quot;&quot;,&quot;focal_length&quot;:&quot;0&quot;,&quot;iso&quot;:&quot;0&quot;,&quot;shutter_speed&quot;:&quot;0&quot;,&quot;title&quot;:&quot;&quot;,&quot;orientation&quot;:&quot;0&quot;}\" data-image-title=\"WhatsApp Image 2023-02-27 at 11.25.24\" data-image-description=\"\" data-image-caption=\"\" data-large-file=\"https:\/\/eldiariodesanpedro.com.ar\/sitio\/wp-content\/uploads\/2023\/02\/WhatsApp-Image-2023-02-27-at-11.25.24.jpeg\" data-src=\"https:\/\/eldiariodesanpedro.com.ar\/sitio\/wp-content\/uploads\/2023\/02\/WhatsApp-Image-2023-02-27-at-11.25.24.jpeg\" alt=\"\" class=\"wp-image-115395 lazyload\" data-srcset=\"https:\/\/eldiariodesanpedro.com.ar\/sitio\/wp-content\/uploads\/2023\/02\/WhatsApp-Image-2023-02-27-at-11.25.24.jpeg 354w, https:\/\/eldiariodesanpedro.com.ar\/sitio\/wp-content\/uploads\/2023\/02\/WhatsApp-Image-2023-02-27-at-11.25.24-169x300.jpeg 169w\" data-sizes=\"(max-width: 354px) 100vw, 354px\" src=\"data:image\/svg+xml;base64,PHN2ZyB3aWR0aD0iMSIgaGVpZ2h0PSIxIiB4bWxucz0iaHR0cDovL3d3dy53My5vcmcvMjAwMC9zdmciPjwvc3ZnPg==\" style=\"--smush-placeholder-width: 354px; --smush-placeholder-aspect-ratio: 354\/630;\" \/><\/figure>\n","protected":false},"excerpt":{"rendered":"<p>Gabriel Alejandro V\u00e1zquez es el mismo que asesin\u00f3 a una mujer en el a\u00f1o 2002, recuper\u00f3 la libertad y volvi\u00f3 a Santa Luc\u00eda. Ahora integraba la banda que asalt\u00f3 a otra familia, que, casualmente le hab\u00eda dado trabajo. El lunes por la ma\u00f1ana la polic\u00eda detuvo a una banda que ven\u00eda de protagonizar un robo [&hellip;]<\/p>\n","protected":false},"author":4,"featured_media":115492,"comment_status":"closed","ping_status":"closed","sticky":false,"template":"","format":"standard","meta":{"om_disable_all_campaigns":false,"_jetpack_memberships_contains_paid_content":false,"footnotes":""},"categories":[50,2,103],"tags":[],"class_list":["post-115491","post","type-post","status-publish","format-standard","has-post-thumbnail","hentry","category-destacadas","category-locales","category-policiales-locales"],"aioseo_notices":[],"gutentor_comment":0,"jetpack_featured_media_url":"https:\/\/eldiariodesanpedro.com.ar\/sitio\/wp-content\/uploads\/2023\/02\/WhatsApp-Image-2023-02-27-at-18.23.15.jpeg","jetpack_shortlink":"https:\/\/wp.me\/p6RhLt-u2L","jetpack_sharing_enabled":true,"_links":{"self":[{"href":"https:\/\/eldiariodesanpedro.com.ar\/sitio\/wp-json\/wp\/v2\/posts\/115491","targetHints":{"allow":["GET"]}}],"collection":[{"href":"https:\/\/eldiariodesanpedro.com.ar\/sitio\/wp-json\/wp\/v2\/posts"}],"about":[{"href":"https:\/\/eldiariodesanpedro.com.ar\/sitio\/wp-json\/wp\/v2\/types\/post"}],"author":[{"embeddable":true,"href":"https:\/\/eldiariodesanpedro.com.ar\/sitio\/wp-json\/wp\/v2\/users\/4"}],"replies":[{"embeddable":true,"href":"https:\/\/eldiariodesanpedro.com.ar\/sitio\/wp-json\/wp\/v2\/comments?post=115491"}],"version-history":[{"count":1,"href":"https:\/\/eldiariodesanpedro.com.ar\/sitio\/wp-json\/wp\/v2\/posts\/115491\/revisions"}],"predecessor-version":[{"id":115493,"href":"https:\/\/eldiariodesanpedro.com.ar\/sitio\/wp-json\/wp\/v2\/posts\/115491\/revisions\/115493"}],"wp:featuredmedia":[{"embeddable":true,"href":"https:\/\/eldiariodesanpedro.com.ar\/sitio\/wp-json\/wp\/v2\/media\/115492"}],"wp:attachment":[{"href":"https:\/\/eldiariodesanpedro.com.ar\/sitio\/wp-json\/wp\/v2\/media?parent=115491"}],"wp:term":[{"taxonomy":"category","embeddable":true,"href":"https:\/\/eldiariodesanpedro.com.ar\/sitio\/wp-json\/wp\/v2\/categories?post=115491"},{"taxonomy":"post_tag","embeddable":true,"href":"https:\/\/eldiariodesanpedro.com.ar\/sitio\/wp-json\/wp\/v2\/tags?post=115491"}],"curies":[{"name":"wp","href":"https:\/\/api.w.org\/{rel}","templated":true}]}}