{"id":115482,"date":"2023-02-28T16:12:28","date_gmt":"2023-02-28T19:12:28","guid":{"rendered":"https:\/\/eldiariodesanpedro.com.ar\/sitio\/?p=115482"},"modified":"2023-02-28T16:43:53","modified_gmt":"2023-02-28T19:43:53","slug":"un-hombre-en-terapia-al-recibir-corte-en-el-cuello-y-pierna-por-su-pareja-conviviente-que-quedo-en-libertad","status":"publish","type":"post","link":"https:\/\/eldiariodesanpedro.com.ar\/sitio\/un-hombre-en-terapia-al-recibir-corte-en-el-cuello-y-pierna-por-su-pareja-conviviente-que-quedo-en-libertad\/","title":{"rendered":"Un hombre en terapia al recibir corte en el cuello y pierna por su pareja conviviente que quedo en libertad"},"content":{"rendered":"<!-- VideographyWP Plugin Message: Automatic video embedding prevented by plugin options. -->\n\n<p>Seg\u00fan el parte policial del d\u00eda de hoy una mujer en la jornada de ayer ataco con un cuchillo a su concubino le corto el cuello y la pierna quedando en estado delicado en UTI y ella tras la notificaciones pertinentes quedo en libertad.<\/p>\n\n\n\n<p>En el d\u00eda de ayer lunes en horas de la ma\u00f1ana el personal policial de la comisar\u00eda local se hace presente en Fray Cayetano Rodr\u00edguez y Manuel Iglesias, procede a la aprehensi\u00f3n de una mujer de 29 a\u00f1os de edad quien momentos antes tras una discusi\u00f3n, agrede f\u00edsicamente con un arma blanca a su pareja conviviente de 33 a\u00f1os, procedi\u00e9ndose al secuestro de arma utilizada en el hecho.<\/p>\n\n\n\n<p>La v\u00edctima fue trasladada por una ambulancia hacia la guardia del hospital local presentando heridas cortantes en cuello y miembro inferior izquierdo, quedando internado en el sector de terapia intensiva.<\/p>\n\n\n\n<p>Tras la presencia policial la investigaci\u00f3n llego a dar con la declaraci\u00f3n de la imputada que aseguro que ella recibi\u00f3 golpes por parte de la pareja por lo que ella reacciono clav\u00e1ndole un cuchillo en la pierna, el al asustarse cae y golpea su cabeza provoc\u00e1ndose un corte en el cuello accidentalmente.<\/p>\n\n\n\n<p>Por el momento el hombre no se encontraba en condiciones para declarar y fue trasladado a pergamino debido a la gravedad de su herida continuando en terapia intensiva.<\/p>\n\n\n\n<p>En el lugar, trabajo personal de polic\u00eda cient\u00edfica quienes realizaron las pericias de rigor.<\/p>\n\n\n\n<p>Posteriormente la mujer fue notificada de la formaci\u00f3n de la causa y recupero la libertad. &nbsp;<\/p>\n","protected":false},"excerpt":{"rendered":"<p>Seg\u00fan el parte policial del d\u00eda de hoy una mujer en la jornada de ayer ataco con un cuchillo a su concubino le corto el cuello y la pierna quedando en estado delicado en UTI y ella tras la notificaciones pertinentes quedo en libertad. En el d\u00eda de ayer lunes en horas de la ma\u00f1ana [&hellip;]<\/p>\n","protected":false},"author":4,"featured_media":115483,"comment_status":"closed","ping_status":"closed","sticky":false,"template":"","format":"standard","meta":{"om_disable_all_campaigns":false,"_jetpack_memberships_contains_paid_content":false,"footnotes":""},"categories":[50,2,103],"tags":[197,33,95,19],"class_list":["post-115482","post","type-post","status-publish","format-standard","has-post-thumbnail","hentry","category-destacadas","category-locales","category-policiales-locales","tag-buenos-aires","tag-locales","tag-policiales","tag-san-pedro"],"aioseo_notices":[],"gutentor_comment":0,"jetpack_featured_media_url":"https:\/\/eldiariodesanpedro.com.ar\/sitio\/wp-content\/uploads\/2023\/02\/medida-2-26.jpg","jetpack_shortlink":"https:\/\/wp.me\/p6RhLt-u2C","jetpack_sharing_enabled":true,"_links":{"self":[{"href":"https:\/\/eldiariodesanpedro.com.ar\/sitio\/wp-json\/wp\/v2\/posts\/115482","targetHints":{"allow":["GET"]}}],"collection":[{"href":"https:\/\/eldiariodesanpedro.com.ar\/sitio\/wp-json\/wp\/v2\/posts"}],"about":[{"href":"https:\/\/eldiariodesanpedro.com.ar\/sitio\/wp-json\/wp\/v2\/types\/post"}],"author":[{"embeddable":true,"href":"https:\/\/eldiariodesanpedro.com.ar\/sitio\/wp-json\/wp\/v2\/users\/4"}],"replies":[{"embeddable":true,"href":"https:\/\/eldiariodesanpedro.com.ar\/sitio\/wp-json\/wp\/v2\/comments?post=115482"}],"version-history":[{"count":2,"href":"https:\/\/eldiariodesanpedro.com.ar\/sitio\/wp-json\/wp\/v2\/posts\/115482\/revisions"}],"predecessor-version":[{"id":115490,"href":"https:\/\/eldiariodesanpedro.com.ar\/sitio\/wp-json\/wp\/v2\/posts\/115482\/revisions\/115490"}],"wp:featuredmedia":[{"embeddable":true,"href":"https:\/\/eldiariodesanpedro.com.ar\/sitio\/wp-json\/wp\/v2\/media\/115483"}],"wp:attachment":[{"href":"https:\/\/eldiariodesanpedro.com.ar\/sitio\/wp-json\/wp\/v2\/media?parent=115482"}],"wp:term":[{"taxonomy":"category","embeddable":true,"href":"https:\/\/eldiariodesanpedro.com.ar\/sitio\/wp-json\/wp\/v2\/categories?post=115482"},{"taxonomy":"post_tag","embeddable":true,"href":"https:\/\/eldiariodesanpedro.com.ar\/sitio\/wp-json\/wp\/v2\/tags?post=115482"}],"curies":[{"name":"wp","href":"https:\/\/api.w.org\/{rel}","templated":true}]}}