{"id":115452,"date":"2023-02-28T14:50:30","date_gmt":"2023-02-28T17:50:30","guid":{"rendered":"https:\/\/eldiariodesanpedro.com.ar\/sitio\/?p=115452"},"modified":"2023-02-28T14:50:32","modified_gmt":"2023-02-28T17:50:32","slug":"continua-la-manifestacion-de-transportistas-en-la-ruta-9-km-153-con-cortes-intermitentes","status":"publish","type":"post","link":"https:\/\/eldiariodesanpedro.com.ar\/sitio\/continua-la-manifestacion-de-transportistas-en-la-ruta-9-km-153-con-cortes-intermitentes\/","title":{"rendered":"Continua la manifestaci\u00f3n de transportistas en la ruta 9 km 153 con cortes intermitentes"},"content":{"rendered":"<!-- VideographyWP Plugin Message: Automatic video embedding prevented by plugin options. -->\n\n<p>La protesta de camioneros agrupados en Cacislac se suma a otros en Chaco, C\u00f3rdoba y Santiago del Estero. Es en reclamo por el cumplimiento de parte de los productores de las tarifas reguladas por el Gobierno para el transporte de mercader\u00eda.<\/p>\n\n\n\n<figure class=\"wp-block-image size-large\"><img decoding=\"async\" width=\"1024\" height=\"576\" data-attachment-id=\"115474\" data-permalink=\"https:\/\/eldiariodesanpedro.com.ar\/sitio\/continua-la-manifestacion-de-transportistas-en-la-ruta-9-km-153-con-cortes-intermitentes\/whatsapp-image-2023-02-28-at-13-14-22\/\" data-orig-file=\"https:\/\/eldiariodesanpedro.com.ar\/sitio\/wp-content\/uploads\/2023\/02\/WhatsApp-Image-2023-02-28-at-13.14.22.jpeg\" data-orig-size=\"1120,630\" data-comments-opened=\"0\" data-image-meta=\"{&quot;aperture&quot;:&quot;0&quot;,&quot;credit&quot;:&quot;&quot;,&quot;camera&quot;:&quot;&quot;,&quot;caption&quot;:&quot;&quot;,&quot;created_timestamp&quot;:&quot;0&quot;,&quot;copyright&quot;:&quot;&quot;,&quot;focal_length&quot;:&quot;0&quot;,&quot;iso&quot;:&quot;0&quot;,&quot;shutter_speed&quot;:&quot;0&quot;,&quot;title&quot;:&quot;&quot;,&quot;orientation&quot;:&quot;0&quot;}\" data-image-title=\"WhatsApp Image 2023-02-28 at 13.14.22\" data-image-description=\"\" data-image-caption=\"\" data-large-file=\"https:\/\/eldiariodesanpedro.com.ar\/sitio\/wp-content\/uploads\/2023\/02\/WhatsApp-Image-2023-02-28-at-13.14.22-1024x576.jpeg\" data-src=\"https:\/\/eldiariodesanpedro.com.ar\/sitio\/wp-content\/uploads\/2023\/02\/WhatsApp-Image-2023-02-28-at-13.14.22-1024x576.jpeg\" alt=\"\" class=\"wp-image-115474 lazyload\" data-srcset=\"https:\/\/eldiariodesanpedro.com.ar\/sitio\/wp-content\/uploads\/2023\/02\/WhatsApp-Image-2023-02-28-at-13.14.22-1024x576.jpeg 1024w, https:\/\/eldiariodesanpedro.com.ar\/sitio\/wp-content\/uploads\/2023\/02\/WhatsApp-Image-2023-02-28-at-13.14.22-300x169.jpeg 300w, https:\/\/eldiariodesanpedro.com.ar\/sitio\/wp-content\/uploads\/2023\/02\/WhatsApp-Image-2023-02-28-at-13.14.22-768x432.jpeg 768w, https:\/\/eldiariodesanpedro.com.ar\/sitio\/wp-content\/uploads\/2023\/02\/WhatsApp-Image-2023-02-28-at-13.14.22.jpeg 1120w\" data-sizes=\"(max-width: 1024px) 100vw, 1024px\" src=\"data:image\/svg+xml;base64,PHN2ZyB3aWR0aD0iMSIgaGVpZ2h0PSIxIiB4bWxucz0iaHR0cDovL3d3dy53My5vcmcvMjAwMC9zdmciPjwvc3ZnPg==\" style=\"--smush-placeholder-width: 1024px; --smush-placeholder-aspect-ratio: 1024\/576;\" \/><\/figure>\n\n\n\n<p>Un grupo de\u00a0<strong>transportistas agrupados en Cacislac (C\u00e1mara de Autotransportistas del Cord\u00f3n Industrial de San Lorenzo Asociaci\u00f3n Civil) realizan desde la madrugada del martes un corte total sobre ambas manos de la ruta 9<\/strong>, a la altura de la localidad bonaerense de San Pedro, en reclamo por el cumplimiento de parte de los cerealeros de las tarifas reguladas por el Gobierno para el transporte de mercader\u00eda.<\/p>\n\n\n\n<p>La manifestaci\u00f3n, sobre el kil\u00f3metro 153, cerca del desv\u00edo a la localidad de R\u00edo Tala, se suma a otras en\u00a0<strong>Necochea, Bah\u00eda Blanca, Tres Arroyos, Jun\u00edn, Chacabuco, en la provincia de Buenos Aires, Charata (Chaco), Bandera (Santiago del Estero) y Monte Ma\u00edz, San Francisco, Villa Mar\u00eda y R\u00edo Cuarto, en C\u00f3rdoba<\/strong>.<\/p>\n\n\n\n<p><strong>La medida es por tiempo indeterminado y es en reclamo por las tarifas del sector<\/strong>. Piden su cumplimiento de parte de los productores, por un lado, y, por otro, su aumento de parte del Gobierno, ya que la \u00faltima vez que se fij\u00f3 fue en noviembre.<\/p>\n\n\n\n<p><strong>\u00abSalimos a la ruta para que el Gobierno tome medidas por la situaci\u00f3n que est\u00e1 pasando el transporte. Es imposible subsistir de esta manera\u00bb<\/strong>, expres\u00f3 Daniel Rambaud, referente de Cacislac, en di\u00e1logo con<em>&nbsp;Cadena 3<\/em>.<\/p>\n\n\n\n<p>\u00ab<strong>Desde noviembre sufrimos cuatro aumentos de combustible y, de esa tarifa, estamos trabajando un 40 y hasta un 60 por ciento abajo<\/strong>. Con la necesidad de trabajo, hace que el transportista traiga para comer\u00bb, se\u00f1al\u00f3.<\/p>\n\n\n\n<iframe data-src=\"https:\/\/www.facebook.com\/plugins\/video.php?height=314&#038;href=https%3A%2F%2Fwww.facebook.com%2Feldiario.sanpedro.7%2Fvideos%2F205794245443170%2F&#038;show_text=false&#038;width=560&#038;t=0\" width=\"560\" height=\"314\" style=\"border:none;overflow:hidden\" scrolling=\"no\" frameborder=\"0\" allowfullscreen=\"true\" allow=\"autoplay; clipboard-write; encrypted-media; picture-in-picture; web-share\" allowFullScreen=\"true\" src=\"data:image\/svg+xml;base64,PHN2ZyB3aWR0aD0iMSIgaGVpZ2h0PSIxIiB4bWxucz0iaHR0cDovL3d3dy53My5vcmcvMjAwMC9zdmciPjwvc3ZnPg==\" class=\"lazyload\" data-load-mode=\"1\"><\/iframe>\n","protected":false},"excerpt":{"rendered":"<p>La protesta de camioneros agrupados en Cacislac se suma a otros en Chaco, C\u00f3rdoba y Santiago del Estero. Es en reclamo por el cumplimiento de parte de los productores de las tarifas reguladas por el Gobierno para el transporte de mercader\u00eda. Un grupo de\u00a0transportistas agrupados en Cacislac (C\u00e1mara de Autotransportistas del Cord\u00f3n Industrial de San [&hellip;]<\/p>\n","protected":false},"author":4,"featured_media":115469,"comment_status":"closed","ping_status":"closed","sticky":false,"template":"","format":"standard","meta":{"om_disable_all_campaigns":false,"_jetpack_memberships_contains_paid_content":false,"footnotes":""},"categories":[50,101,2],"tags":[197,696,33,19],"class_list":["post-115452","post","type-post","status-publish","format-standard","has-post-thumbnail","hentry","category-destacadas","category-interes-general-locales","category-locales","tag-buenos-aires","tag-interes-general","tag-locales","tag-san-pedro"],"aioseo_notices":[],"gutentor_comment":0,"jetpack_featured_media_url":"https:\/\/eldiariodesanpedro.com.ar\/sitio\/wp-content\/uploads\/2023\/02\/DJI_0308.jpg","jetpack_shortlink":"https:\/\/wp.me\/p6RhLt-u28","jetpack_sharing_enabled":true,"_links":{"self":[{"href":"https:\/\/eldiariodesanpedro.com.ar\/sitio\/wp-json\/wp\/v2\/posts\/115452","targetHints":{"allow":["GET"]}}],"collection":[{"href":"https:\/\/eldiariodesanpedro.com.ar\/sitio\/wp-json\/wp\/v2\/posts"}],"about":[{"href":"https:\/\/eldiariodesanpedro.com.ar\/sitio\/wp-json\/wp\/v2\/types\/post"}],"author":[{"embeddable":true,"href":"https:\/\/eldiariodesanpedro.com.ar\/sitio\/wp-json\/wp\/v2\/users\/4"}],"replies":[{"embeddable":true,"href":"https:\/\/eldiariodesanpedro.com.ar\/sitio\/wp-json\/wp\/v2\/comments?post=115452"}],"version-history":[{"count":1,"href":"https:\/\/eldiariodesanpedro.com.ar\/sitio\/wp-json\/wp\/v2\/posts\/115452\/revisions"}],"predecessor-version":[{"id":115481,"href":"https:\/\/eldiariodesanpedro.com.ar\/sitio\/wp-json\/wp\/v2\/posts\/115452\/revisions\/115481"}],"wp:featuredmedia":[{"embeddable":true,"href":"https:\/\/eldiariodesanpedro.com.ar\/sitio\/wp-json\/wp\/v2\/media\/115469"}],"wp:attachment":[{"href":"https:\/\/eldiariodesanpedro.com.ar\/sitio\/wp-json\/wp\/v2\/media?parent=115452"}],"wp:term":[{"taxonomy":"category","embeddable":true,"href":"https:\/\/eldiariodesanpedro.com.ar\/sitio\/wp-json\/wp\/v2\/categories?post=115452"},{"taxonomy":"post_tag","embeddable":true,"href":"https:\/\/eldiariodesanpedro.com.ar\/sitio\/wp-json\/wp\/v2\/tags?post=115452"}],"curies":[{"name":"wp","href":"https:\/\/api.w.org\/{rel}","templated":true}]}}