{"id":115446,"date":"2023-02-28T10:26:00","date_gmt":"2023-02-28T13:26:00","guid":{"rendered":"https:\/\/eldiariodesanpedro.com.ar\/sitio\/?p=115446"},"modified":"2023-02-28T10:26:01","modified_gmt":"2023-02-28T13:26:01","slug":"la-policia-recupero-una-motocicleta-que-fue-robada-en-enero-pasado","status":"publish","type":"post","link":"https:\/\/eldiariodesanpedro.com.ar\/sitio\/la-policia-recupero-una-motocicleta-que-fue-robada-en-enero-pasado\/","title":{"rendered":"La polic\u00eda recupero una motocicleta que fue robada en enero pasado"},"content":{"rendered":"<!-- VideographyWP Plugin Message: Automatic video embedding prevented by plugin options. -->\n\n<p>En la jornada del domingo pasado el personal policial de nuestra ciudad en recorrida\u00a0 se hace presente en calle 64 al 700, donde procedi\u00f3 a la aprehensi\u00f3n de dos ciudadanos de 21 a\u00f1os de edad<strong>, <\/strong>quienes circulaban a bordo motocicleta marca Guerrero G100\u00a0 Trip. Color azul, la cual presenta pedido activo secuestro con fecha alta 23-01-23 caratulada \u201crobo agravado\u201d, se procedi\u00f3 al secuestro del rodado secuestro del mismo.-<\/p>\n","protected":false},"excerpt":{"rendered":"<p>En la jornada del domingo pasado el personal policial de nuestra ciudad en recorrida\u00a0 se hace presente en calle 64 al 700, donde procedi\u00f3 a la aprehensi\u00f3n de dos ciudadanos de 21 a\u00f1os de edad, quienes circulaban a bordo motocicleta marca Guerrero G100\u00a0 Trip. Color azul, la cual presenta pedido activo secuestro con fecha alta [&hellip;]<\/p>\n","protected":false},"author":4,"featured_media":115447,"comment_status":"closed","ping_status":"closed","sticky":false,"template":"","format":"standard","meta":{"om_disable_all_campaigns":false,"_jetpack_memberships_contains_paid_content":false,"footnotes":""},"categories":[2,103],"tags":[197,33,95,19],"class_list":["post-115446","post","type-post","status-publish","format-standard","has-post-thumbnail","hentry","category-locales","category-policiales-locales","tag-buenos-aires","tag-locales","tag-policiales","tag-san-pedro"],"aioseo_notices":[],"gutentor_comment":0,"jetpack_featured_media_url":"https:\/\/eldiariodesanpedro.com.ar\/sitio\/wp-content\/uploads\/2023\/02\/medida-2-25.jpg","jetpack_shortlink":"https:\/\/wp.me\/p6RhLt-u22","jetpack_sharing_enabled":true,"_links":{"self":[{"href":"https:\/\/eldiariodesanpedro.com.ar\/sitio\/wp-json\/wp\/v2\/posts\/115446","targetHints":{"allow":["GET"]}}],"collection":[{"href":"https:\/\/eldiariodesanpedro.com.ar\/sitio\/wp-json\/wp\/v2\/posts"}],"about":[{"href":"https:\/\/eldiariodesanpedro.com.ar\/sitio\/wp-json\/wp\/v2\/types\/post"}],"author":[{"embeddable":true,"href":"https:\/\/eldiariodesanpedro.com.ar\/sitio\/wp-json\/wp\/v2\/users\/4"}],"replies":[{"embeddable":true,"href":"https:\/\/eldiariodesanpedro.com.ar\/sitio\/wp-json\/wp\/v2\/comments?post=115446"}],"version-history":[{"count":1,"href":"https:\/\/eldiariodesanpedro.com.ar\/sitio\/wp-json\/wp\/v2\/posts\/115446\/revisions"}],"predecessor-version":[{"id":115448,"href":"https:\/\/eldiariodesanpedro.com.ar\/sitio\/wp-json\/wp\/v2\/posts\/115446\/revisions\/115448"}],"wp:featuredmedia":[{"embeddable":true,"href":"https:\/\/eldiariodesanpedro.com.ar\/sitio\/wp-json\/wp\/v2\/media\/115447"}],"wp:attachment":[{"href":"https:\/\/eldiariodesanpedro.com.ar\/sitio\/wp-json\/wp\/v2\/media?parent=115446"}],"wp:term":[{"taxonomy":"category","embeddable":true,"href":"https:\/\/eldiariodesanpedro.com.ar\/sitio\/wp-json\/wp\/v2\/categories?post=115446"},{"taxonomy":"post_tag","embeddable":true,"href":"https:\/\/eldiariodesanpedro.com.ar\/sitio\/wp-json\/wp\/v2\/tags?post=115446"}],"curies":[{"name":"wp","href":"https:\/\/api.w.org\/{rel}","templated":true}]}}